{"id":21506,"date":"2021-09-08T20:04:11","date_gmt":"2021-09-08T23:04:11","guid":{"rendered":"https:\/\/souzalima.com.br\/blog\/?p=21506"},"modified":"2024-09-28T20:05:28","modified_gmt":"2024-09-28T23:05:28","slug":"o-que-e-marcha-rancho","status":"publish","type":"post","link":"https:\/\/souzalima.com.br\/blog\/o-que-e-marcha-rancho\/","title":{"rendered":"O que \u00e9 marcha-rancho?"},"content":{"rendered":"<h2>Marcha-Rancho \u00e9\u00a0um g\u00eanero brasileiro que possui cerca de 130 anos, e vem sendo registado desde as primeiras d\u00e9cadas do s\u00e9culo XX no mercado fonogr\u00e1fico do Brasil.<\/h2>\n<p>Marcha-rancho \u00e9 um exemplo de manifesta\u00e7\u00e3o tipicamente urbana. De andamento lento, e com rela\u00e7\u00e3o direta a marcha militar europeia.<\/p>\n<p>A marcha composta com a palavra rancho designa o g\u00eanero. Um grupo de foli\u00f5es reunidos para brincar o carnaval representam um \u201cRancho\u201d.<\/p>\n<p><strong><em>Me segue no instagram! @joaomarcondesoficial<\/em><\/strong><\/p>\n<h2>Quanto a forma<\/h2>\n<p>A composi\u00e7\u00e3o da marcha-rancho possui normalmente duas se\u00e7\u00f5es. Habitualmente estabelecida em tonalidade menor, embora haja marchas-rancho em tom maior, ou que na segunda se\u00e7\u00e3o utilize de modula\u00e7\u00e3o paralela, ou modula\u00e7\u00e3o relativa.<\/p>\n<p>O Carnaval no Brasil no s\u00e9culo XIX se chamava \u201cEntrudo\u201d, utilizava do g\u00eanero como mote do desfile pelas ruas dos centros urbanos brasileiros de ent\u00e3o \u2013 Salvador e Rio de Janeiro.<\/p>\n<p><iframe loading=\"lazy\" title=\"Chico Buarque-Noite dos Mascarados\" src=\"https:\/\/www.youtube.com\/embed\/fjjd2u_kSWY?feature=oembed\" width=\"100%\" height=\"392\" frameborder=\"0\" allowfullscreen=\"allowfullscreen\" data-mce-fragment=\"1\"><\/iframe><\/p>\n<p>Compositores populares da chamada \u201cMPB\u201d compuseram obras nesse g\u00eanero. Destacando Jo\u00e3o Bosco com \u201cRancho da Goiabada\u201d e Chico Buarque com \u201cNoite dos mascarados\u201d \u2013 em tom maior, com estilos bastante pr\u00f3prios.<\/p>\n<p>Uma das principais can\u00e7\u00f5es do g\u00eanero Marcha Rancho \u00e9 a can\u00e7\u00e3o de Z\u00e9 K\u00e9ti \u201cM\u00e1scara Negra\u201d \u2013 obra prima do cancioneiro popular brasileiro.<\/p>\n<p>Outro \u00edcone que pode ser citado do cancioneiro brasileiro \u201cBandeira Branca\u201d, marcha rancho t\u00edpica, onde se percebe alguns clich\u00eas t\u00edpicos do g\u00eanero, que comp\u00f5e o texto logo no in\u00edcio.<\/p>\n<h2>Instrumenta\u00e7\u00e3o<\/h2>\n<p>A instrumenta\u00e7\u00e3o de desfile de rua possui metais como trompete, trombone, tuba, bombardino, oficleide, e at\u00e9 saxofones representando as madeiras, e pode haver viol\u00f5es, cavaquinhos. A percuss\u00e3o \u00e9 representada por uma ou mais caixas de desfile e bumbo.<\/p>\n<p>Vozes em coro contemplam a can\u00e7\u00e3o. Normalmente entoada pelo \u201cRancho\u201d, as can\u00e7\u00f5es formam um enredo, cujo texto habitualmente trata de desencontros amorosos, e figuras carnavalescas cl\u00e1ssicas do carnaval italiano \u2013 como pierrot e colombina. Mas que chegaram at\u00e9 temas mais politizados como na can\u00e7\u00e3o de S\u00e9rgio Sampaio.<\/p>\n<p><iframe loading=\"lazy\" title=\"Casuarina - Eu Quero \u00e9 Botar Meu Bloco na Rua (com Lenine \/ DVD 10 Anos de Lapa)\" src=\"https:\/\/www.youtube.com\/embed\/T-t-wLa7XHQ?feature=oembed\" width=\"100%\" height=\"392\" frameborder=\"0\" allowfullscreen=\"allowfullscreen\" data-mce-fragment=\"1\"><\/iframe><\/p>\n<p>Vale conhecer essa manifesta\u00e7\u00e3o cultural brasileira! Musicalmente! E quem sabe vivencia-la em alguma regi\u00e3o do Brasil \u2013 como S\u00e3o Paulo, Rio de Janeiro e Recife. Bailes de sal\u00e3o apresentam anualmente essa manifesta\u00e7\u00e3o ou o repert\u00f3rio consolidado do g\u00eanero.<\/p>\n<p>O conhecimento \u00e9 um caminho sem volta! Aproveite!<\/p>\n<p>#VemProSouzaLima<\/p>\n","protected":false},"excerpt":{"rendered":"<p>Marcha-Rancho \u00e9\u00a0um g\u00eanero brasileiro que possui cerca de 130 anos, e vem sendo registado desde as primeiras d\u00e9cadas do s\u00e9culo XX no mercado fonogr\u00e1fico do Brasil. Marcha-rancho \u00e9 um exemplo de manifesta\u00e7\u00e3o tipicamente urbana. De andamento lento, e com rela\u00e7\u00e3o direta a marcha militar europeia&#8230;.<\/p>\n","protected":false},"author":3,"featured_media":21507,"comment_status":"open","ping_status":"open","sticky":false,"template":"","format":"standard","meta":{"footnotes":""},"categories":[12,42],"tags":[115,368,7,864],"class_list":["post-21506","post","type-post","status-publish","format-standard","has-post-thumbnail","hentry","category-estudo","category-genero-musical","tag-blog-souza-lima","tag-destaques","tag-joao-marcondes","tag-o-que-e-marcha-rancho"],"yoast_head":"<!-- This site is optimized with the Yoast SEO plugin v27.2 - https:\/\/yoast.com\/product\/yoast-seo-wordpress\/ -->\n<title>O que \u00e9 marcha-rancho? - Blog Souza Lima<\/title>\n<meta name=\"robots\" content=\"index, follow, max-snippet:-1, max-image-preview:large, max-video-preview:-1\" \/>\n<link rel=\"canonical\" href=\"https:\/\/souzalima.com.br\/blog\/o-que-e-marcha-rancho\/\" \/>\n<meta property=\"og:locale\" content=\"pt_BR\" \/>\n<meta property=\"og:type\" content=\"article\" \/>\n<meta property=\"og:title\" content=\"O que \u00e9 marcha-rancho? - Blog Souza Lima\" \/>\n<meta property=\"og:description\" content=\"Marcha-Rancho \u00e9\u00a0um g\u00eanero brasileiro que possui cerca de 130 anos, e vem sendo registado desde as primeiras d\u00e9cadas do s\u00e9culo XX no mercado fonogr\u00e1fico do Brasil. Marcha-rancho \u00e9 um exemplo de manifesta\u00e7\u00e3o tipicamente urbana. De andamento lento, e com rela\u00e7\u00e3o direta a marcha militar europeia....\" \/>\n<meta property=\"og:url\" content=\"https:\/\/souzalima.com.br\/blog\/o-que-e-marcha-rancho\/\" \/>\n<meta property=\"og:site_name\" content=\"Blog Souza Lima\" \/>\n<meta property=\"article:publisher\" content=\"https:\/\/www.facebook.com\/souzalimaoficial\" \/>\n<meta property=\"article:published_time\" content=\"2021-09-08T23:04:11+00:00\" \/>\n<meta property=\"article:modified_time\" content=\"2024-09-28T23:05:28+00:00\" \/>\n<meta property=\"og:image\" content=\"https:\/\/souzalima.com.br\/blog\/wp-content\/uploads\/2024\/09\/marcha-rancho.webp\" \/>\n\t<meta property=\"og:image:width\" content=\"696\" \/>\n\t<meta property=\"og:image:height\" content=\"522\" \/>\n\t<meta property=\"og:image:type\" content=\"image\/webp\" \/>\n<meta name=\"author\" content=\"Jo\u00e3o Marcondes\" \/>\n<meta name=\"twitter:card\" content=\"summary_large_image\" \/>\n<meta name=\"twitter:label1\" content=\"Escrito por\" \/>\n\t<meta name=\"twitter:data1\" content=\"Jo\u00e3o Marcondes\" \/>\n\t<meta name=\"twitter:label2\" content=\"Est. tempo de leitura\" \/>\n\t<meta name=\"twitter:data2\" content=\"3 minutos\" \/>\n<script type=\"application\/ld+json\" class=\"yoast-schema-graph\">{\"@context\":\"https:\/\/schema.org\",\"@graph\":[{\"@type\":\"Article\",\"@id\":\"https:\/\/souzalima.com.br\/blog\/o-que-e-marcha-rancho\/#article\",\"isPartOf\":{\"@id\":\"https:\/\/souzalima.com.br\/blog\/o-que-e-marcha-rancho\/\"},\"author\":{\"name\":\"Jo\u00e3o Marcondes\",\"@id\":\"https:\/\/souzalima.com.br\/blog\/#\/schema\/person\/f6aad8444e58fb11121a921b22bed6ae\"},\"headline\":\"O que \u00e9 marcha-rancho?\",\"datePublished\":\"2021-09-08T23:04:11+00:00\",\"dateModified\":\"2024-09-28T23:05:28+00:00\",\"mainEntityOfPage\":{\"@id\":\"https:\/\/souzalima.com.br\/blog\/o-que-e-marcha-rancho\/\"},\"wordCount\":392,\"commentCount\":0,\"publisher\":{\"@id\":\"https:\/\/souzalima.com.br\/blog\/#organization\"},\"image\":{\"@id\":\"https:\/\/souzalima.com.br\/blog\/o-que-e-marcha-rancho\/#primaryimage\"},\"thumbnailUrl\":\"https:\/\/souzalima.com.br\/blog\/wp-content\/uploads\/2024\/09\/marcha-rancho.webp\",\"keywords\":[\"blog souza lima\",\"destaques\",\"jo\u00e3o marcondes\",\"o que \u00e9 marcha-rancho\"],\"articleSection\":[\"Estudo\",\"G\u00eanero musical\"],\"inLanguage\":\"pt-BR\",\"potentialAction\":[{\"@type\":\"CommentAction\",\"name\":\"Comment\",\"target\":[\"https:\/\/souzalima.com.br\/blog\/o-que-e-marcha-rancho\/#respond\"]}]},{\"@type\":\"WebPage\",\"@id\":\"https:\/\/souzalima.com.br\/blog\/o-que-e-marcha-rancho\/\",\"url\":\"https:\/\/souzalima.com.br\/blog\/o-que-e-marcha-rancho\/\",\"name\":\"O que \u00e9 marcha-rancho? - Blog Souza Lima\",\"isPartOf\":{\"@id\":\"https:\/\/souzalima.com.br\/blog\/#website\"},\"primaryImageOfPage\":{\"@id\":\"https:\/\/souzalima.com.br\/blog\/o-que-e-marcha-rancho\/#primaryimage\"},\"image\":{\"@id\":\"https:\/\/souzalima.com.br\/blog\/o-que-e-marcha-rancho\/#primaryimage\"},\"thumbnailUrl\":\"https:\/\/souzalima.com.br\/blog\/wp-content\/uploads\/2024\/09\/marcha-rancho.webp\",\"datePublished\":\"2021-09-08T23:04:11+00:00\",\"dateModified\":\"2024-09-28T23:05:28+00:00\",\"breadcrumb\":{\"@id\":\"https:\/\/souzalima.com.br\/blog\/o-que-e-marcha-rancho\/#breadcrumb\"},\"inLanguage\":\"pt-BR\",\"potentialAction\":[{\"@type\":\"ReadAction\",\"target\":[\"https:\/\/souzalima.com.br\/blog\/o-que-e-marcha-rancho\/\"]}]},{\"@type\":\"ImageObject\",\"inLanguage\":\"pt-BR\",\"@id\":\"https:\/\/souzalima.com.br\/blog\/o-que-e-marcha-rancho\/#primaryimage\",\"url\":\"https:\/\/souzalima.com.br\/blog\/wp-content\/uploads\/2024\/09\/marcha-rancho.webp\",\"contentUrl\":\"https:\/\/souzalima.com.br\/blog\/wp-content\/uploads\/2024\/09\/marcha-rancho.webp\",\"width\":696,\"height\":522},{\"@type\":\"BreadcrumbList\",\"@id\":\"https:\/\/souzalima.com.br\/blog\/o-que-e-marcha-rancho\/#breadcrumb\",\"itemListElement\":[{\"@type\":\"ListItem\",\"position\":1,\"name\":\"In\u00edcio\",\"item\":\"https:\/\/souzalima.com.br\/blog\/\"},{\"@type\":\"ListItem\",\"position\":2,\"name\":\"O que \u00e9 marcha-rancho?\"}]},{\"@type\":\"WebSite\",\"@id\":\"https:\/\/souzalima.com.br\/blog\/#website\",\"url\":\"https:\/\/souzalima.com.br\/blog\/\",\"name\":\"Blog Souza Lima\",\"description\":\"Descubra o universo musical com o Blog Souza Lima! \",\"publisher\":{\"@id\":\"https:\/\/souzalima.com.br\/blog\/#organization\"},\"potentialAction\":[{\"@type\":\"SearchAction\",\"target\":{\"@type\":\"EntryPoint\",\"urlTemplate\":\"https:\/\/souzalima.com.br\/blog\/?s={search_term_string}\"},\"query-input\":{\"@type\":\"PropertyValueSpecification\",\"valueRequired\":true,\"valueName\":\"search_term_string\"}}],\"inLanguage\":\"pt-BR\"},{\"@type\":\"Organization\",\"@id\":\"https:\/\/souzalima.com.br\/blog\/#organization\",\"name\":\"Blog Souza Lima\",\"url\":\"https:\/\/souzalima.com.br\/blog\/\",\"logo\":{\"@type\":\"ImageObject\",\"inLanguage\":\"pt-BR\",\"@id\":\"https:\/\/souzalima.com.br\/blog\/#\/schema\/logo\/image\/\",\"url\":\"https:\/\/souzalima.com.br\/blog\/wp-content\/uploads\/2024\/04\/logo-blog-escuro.png\",\"contentUrl\":\"https:\/\/souzalima.com.br\/blog\/wp-content\/uploads\/2024\/04\/logo-blog-escuro.png\",\"width\":700,\"height\":360,\"caption\":\"Blog Souza Lima\"},\"image\":{\"@id\":\"https:\/\/souzalima.com.br\/blog\/#\/schema\/logo\/image\/\"},\"sameAs\":[\"https:\/\/www.facebook.com\/souzalimaoficial\",\"https:\/\/www.instagram.com\/souzalimaoficial\/\",\"https:\/\/www.tiktok.com\/@souzalimaoficial\"]},{\"@type\":\"Person\",\"@id\":\"https:\/\/souzalima.com.br\/blog\/#\/schema\/person\/f6aad8444e58fb11121a921b22bed6ae\",\"name\":\"Jo\u00e3o Marcondes\",\"image\":{\"@type\":\"ImageObject\",\"inLanguage\":\"pt-BR\",\"@id\":\"https:\/\/secure.gravatar.com\/avatar\/9ceaf49983887d9fed6c838ba33a97c89f1e3f2836978af414e1b7cf88be2678?s=96&d=mm&r=g\",\"url\":\"https:\/\/secure.gravatar.com\/avatar\/9ceaf49983887d9fed6c838ba33a97c89f1e3f2836978af414e1b7cf88be2678?s=96&d=mm&r=g\",\"contentUrl\":\"https:\/\/secure.gravatar.com\/avatar\/9ceaf49983887d9fed6c838ba33a97c89f1e3f2836978af414e1b7cf88be2678?s=96&d=mm&r=g\",\"caption\":\"Jo\u00e3o Marcondes\"},\"url\":\"https:\/\/souzalima.com.br\/blog\/author\/joao\/\"}]}<\/script>\n<!-- \/ Yoast SEO plugin. -->","yoast_head_json":{"title":"O que \u00e9 marcha-rancho? - Blog Souza Lima","robots":{"index":"index","follow":"follow","max-snippet":"max-snippet:-1","max-image-preview":"max-image-preview:large","max-video-preview":"max-video-preview:-1"},"canonical":"https:\/\/souzalima.com.br\/blog\/o-que-e-marcha-rancho\/","og_locale":"pt_BR","og_type":"article","og_title":"O que \u00e9 marcha-rancho? - Blog Souza Lima","og_description":"Marcha-Rancho \u00e9\u00a0um g\u00eanero brasileiro que possui cerca de 130 anos, e vem sendo registado desde as primeiras d\u00e9cadas do s\u00e9culo XX no mercado fonogr\u00e1fico do Brasil. Marcha-rancho \u00e9 um exemplo de manifesta\u00e7\u00e3o tipicamente urbana. De andamento lento, e com rela\u00e7\u00e3o direta a marcha militar europeia....","og_url":"https:\/\/souzalima.com.br\/blog\/o-que-e-marcha-rancho\/","og_site_name":"Blog Souza Lima","article_publisher":"https:\/\/www.facebook.com\/souzalimaoficial","article_published_time":"2021-09-08T23:04:11+00:00","article_modified_time":"2024-09-28T23:05:28+00:00","og_image":[{"width":696,"height":522,"url":"https:\/\/souzalima.com.br\/blog\/wp-content\/uploads\/2024\/09\/marcha-rancho.webp","type":"image\/webp"}],"author":"Jo\u00e3o Marcondes","twitter_card":"summary_large_image","twitter_misc":{"Escrito por":"Jo\u00e3o Marcondes","Est. tempo de leitura":"3 minutos"},"schema":{"@context":"https:\/\/schema.org","@graph":[{"@type":"Article","@id":"https:\/\/souzalima.com.br\/blog\/o-que-e-marcha-rancho\/#article","isPartOf":{"@id":"https:\/\/souzalima.com.br\/blog\/o-que-e-marcha-rancho\/"},"author":{"name":"Jo\u00e3o Marcondes","@id":"https:\/\/souzalima.com.br\/blog\/#\/schema\/person\/f6aad8444e58fb11121a921b22bed6ae"},"headline":"O que \u00e9 marcha-rancho?","datePublished":"2021-09-08T23:04:11+00:00","dateModified":"2024-09-28T23:05:28+00:00","mainEntityOfPage":{"@id":"https:\/\/souzalima.com.br\/blog\/o-que-e-marcha-rancho\/"},"wordCount":392,"commentCount":0,"publisher":{"@id":"https:\/\/souzalima.com.br\/blog\/#organization"},"image":{"@id":"https:\/\/souzalima.com.br\/blog\/o-que-e-marcha-rancho\/#primaryimage"},"thumbnailUrl":"https:\/\/souzalima.com.br\/blog\/wp-content\/uploads\/2024\/09\/marcha-rancho.webp","keywords":["blog souza lima","destaques","jo\u00e3o marcondes","o que \u00e9 marcha-rancho"],"articleSection":["Estudo","G\u00eanero musical"],"inLanguage":"pt-BR","potentialAction":[{"@type":"CommentAction","name":"Comment","target":["https:\/\/souzalima.com.br\/blog\/o-que-e-marcha-rancho\/#respond"]}]},{"@type":"WebPage","@id":"https:\/\/souzalima.com.br\/blog\/o-que-e-marcha-rancho\/","url":"https:\/\/souzalima.com.br\/blog\/o-que-e-marcha-rancho\/","name":"O que \u00e9 marcha-rancho? - Blog Souza Lima","isPartOf":{"@id":"https:\/\/souzalima.com.br\/blog\/#website"},"primaryImageOfPage":{"@id":"https:\/\/souzalima.com.br\/blog\/o-que-e-marcha-rancho\/#primaryimage"},"image":{"@id":"https:\/\/souzalima.com.br\/blog\/o-que-e-marcha-rancho\/#primaryimage"},"thumbnailUrl":"https:\/\/souzalima.com.br\/blog\/wp-content\/uploads\/2024\/09\/marcha-rancho.webp","datePublished":"2021-09-08T23:04:11+00:00","dateModified":"2024-09-28T23:05:28+00:00","breadcrumb":{"@id":"https:\/\/souzalima.com.br\/blog\/o-que-e-marcha-rancho\/#breadcrumb"},"inLanguage":"pt-BR","potentialAction":[{"@type":"ReadAction","target":["https:\/\/souzalima.com.br\/blog\/o-que-e-marcha-rancho\/"]}]},{"@type":"ImageObject","inLanguage":"pt-BR","@id":"https:\/\/souzalima.com.br\/blog\/o-que-e-marcha-rancho\/#primaryimage","url":"https:\/\/souzalima.com.br\/blog\/wp-content\/uploads\/2024\/09\/marcha-rancho.webp","contentUrl":"https:\/\/souzalima.com.br\/blog\/wp-content\/uploads\/2024\/09\/marcha-rancho.webp","width":696,"height":522},{"@type":"BreadcrumbList","@id":"https:\/\/souzalima.com.br\/blog\/o-que-e-marcha-rancho\/#breadcrumb","itemListElement":[{"@type":"ListItem","position":1,"name":"In\u00edcio","item":"https:\/\/souzalima.com.br\/blog\/"},{"@type":"ListItem","position":2,"name":"O que \u00e9 marcha-rancho?"}]},{"@type":"WebSite","@id":"https:\/\/souzalima.com.br\/blog\/#website","url":"https:\/\/souzalima.com.br\/blog\/","name":"Blog Souza Lima","description":"Descubra o universo musical com o Blog Souza Lima! ","publisher":{"@id":"https:\/\/souzalima.com.br\/blog\/#organization"},"potentialAction":[{"@type":"SearchAction","target":{"@type":"EntryPoint","urlTemplate":"https:\/\/souzalima.com.br\/blog\/?s={search_term_string}"},"query-input":{"@type":"PropertyValueSpecification","valueRequired":true,"valueName":"search_term_string"}}],"inLanguage":"pt-BR"},{"@type":"Organization","@id":"https:\/\/souzalima.com.br\/blog\/#organization","name":"Blog Souza Lima","url":"https:\/\/souzalima.com.br\/blog\/","logo":{"@type":"ImageObject","inLanguage":"pt-BR","@id":"https:\/\/souzalima.com.br\/blog\/#\/schema\/logo\/image\/","url":"https:\/\/souzalima.com.br\/blog\/wp-content\/uploads\/2024\/04\/logo-blog-escuro.png","contentUrl":"https:\/\/souzalima.com.br\/blog\/wp-content\/uploads\/2024\/04\/logo-blog-escuro.png","width":700,"height":360,"caption":"Blog Souza Lima"},"image":{"@id":"https:\/\/souzalima.com.br\/blog\/#\/schema\/logo\/image\/"},"sameAs":["https:\/\/www.facebook.com\/souzalimaoficial","https:\/\/www.instagram.com\/souzalimaoficial\/","https:\/\/www.tiktok.com\/@souzalimaoficial"]},{"@type":"Person","@id":"https:\/\/souzalima.com.br\/blog\/#\/schema\/person\/f6aad8444e58fb11121a921b22bed6ae","name":"Jo\u00e3o Marcondes","image":{"@type":"ImageObject","inLanguage":"pt-BR","@id":"https:\/\/secure.gravatar.com\/avatar\/9ceaf49983887d9fed6c838ba33a97c89f1e3f2836978af414e1b7cf88be2678?s=96&d=mm&r=g","url":"https:\/\/secure.gravatar.com\/avatar\/9ceaf49983887d9fed6c838ba33a97c89f1e3f2836978af414e1b7cf88be2678?s=96&d=mm&r=g","contentUrl":"https:\/\/secure.gravatar.com\/avatar\/9ceaf49983887d9fed6c838ba33a97c89f1e3f2836978af414e1b7cf88be2678?s=96&d=mm&r=g","caption":"Jo\u00e3o Marcondes"},"url":"https:\/\/souzalima.com.br\/blog\/author\/joao\/"}]}},"_links":{"self":[{"href":"https:\/\/souzalima.com.br\/blog\/wp-json\/wp\/v2\/posts\/21506","targetHints":{"allow":["GET"]}}],"collection":[{"href":"https:\/\/souzalima.com.br\/blog\/wp-json\/wp\/v2\/posts"}],"about":[{"href":"https:\/\/souzalima.com.br\/blog\/wp-json\/wp\/v2\/types\/post"}],"author":[{"embeddable":true,"href":"https:\/\/souzalima.com.br\/blog\/wp-json\/wp\/v2\/users\/3"}],"replies":[{"embeddable":true,"href":"https:\/\/souzalima.com.br\/blog\/wp-json\/wp\/v2\/comments?post=21506"}],"version-history":[{"count":1,"href":"https:\/\/souzalima.com.br\/blog\/wp-json\/wp\/v2\/posts\/21506\/revisions"}],"predecessor-version":[{"id":21508,"href":"https:\/\/souzalima.com.br\/blog\/wp-json\/wp\/v2\/posts\/21506\/revisions\/21508"}],"wp:featuredmedia":[{"embeddable":true,"href":"https:\/\/souzalima.com.br\/blog\/wp-json\/wp\/v2\/media\/21507"}],"wp:attachment":[{"href":"https:\/\/souzalima.com.br\/blog\/wp-json\/wp\/v2\/media?parent=21506"}],"wp:term":[{"taxonomy":"category","embeddable":true,"href":"https:\/\/souzalima.com.br\/blog\/wp-json\/wp\/v2\/categories?post=21506"},{"taxonomy":"post_tag","embeddable":true,"href":"https:\/\/souzalima.com.br\/blog\/wp-json\/wp\/v2\/tags?post=21506"}],"curies":[{"name":"wp","href":"https:\/\/api.w.org\/{rel}","templated":true}]}}