{"id":21314,"date":"2021-04-16T15:28:30","date_gmt":"2021-04-16T18:28:30","guid":{"rendered":"https:\/\/souzalima.com.br\/blog\/?p=21314"},"modified":"2025-10-27T16:48:38","modified_gmt":"2025-10-27T19:48:38","slug":"o-que-e-musica-popular","status":"publish","type":"post","link":"https:\/\/souzalima.com.br\/blog\/o-que-e-musica-popular\/","title":{"rendered":"O que \u00e9 m\u00fasica popular?"},"content":{"rendered":"<h2>Algumas discuss\u00f5es sobre determinadas quest\u00f5es musicais parecem um tanto ultrapassadas. Embora at\u00e9 seja repetitivo, o que \u00e9 m\u00fasica popular suscita d\u00favidas e um n\u00famero expressivo de argumentos. Vamos l\u00e1:<\/h2>\n<p>M\u00fasica Popular a priori \u00e9 aquela que utiliza apenas da oralidade para que ocorra, em cria\u00e7\u00e3o, execu\u00e7\u00e3o e transmiss\u00e3o. Popularizava-se pelo fazer coletivo, pelo cantar despretensiosamente em <strong>ambientes urbanos<\/strong>.<\/p>\n<p>A transmiss\u00e3o via oralidade \u00e9 uma caracter\u00edstica marcante do folclore tal qual da m\u00fasica popular.<\/p>\n<p>Ocorre que do advento do mercado fonogr\u00e1fico essa m\u00fasica popular passou a usufruir de meios de registro e comercializa\u00e7\u00e3o. Destacando o crescimento dos centros urbanos. E o advento das primeiras gravadoras, no Brasil a <strong>Casa Edson<\/strong>, fundada no in\u00edcio do s\u00e9culo XX.<\/p>\n<h2>Constituiu-se um novo enlace. Haveria agora tr\u00eas nichos de desenvolvimento musical?<\/h2>\n<p>Pode-se dizer que sim.<\/p>\n<h2>M\u00fasica Folcl\u00f3rica<\/h2>\n<p>A m\u00fasica folcl\u00f3rica se transmite atrav\u00e9s da <strong>oralidade<\/strong> e est\u00e1 representada desde as can\u00e7\u00f5es da primeira inf\u00e2ncia, a m\u00fasica espec\u00edfica de folguedos \u2013 reisado ou folia-de-reis, composta com adere\u00e7os visuais e datas espec\u00edficas da cultura do povo, ou com as brincadeiras de roda e de m\u00e3o. Habitualmente cantadas.<\/p>\n<p>H\u00e1 pulso constante, m\u00e9tricas vinculadas as dan\u00e7as.<\/p>\n<h2>M\u00fasica Popular<\/h2>\n<p>A m\u00fasica popular instrumental e ou da can\u00e7\u00e3o trata de quest\u00f5es cotidianas, representando a ebuli\u00e7\u00e3o cultural dos centros urbanos \u2013 principalmente no continente americano dos s\u00e9culos XIX e XX.<\/p>\n<p>A M\u00fasica Popular tem como caracter\u00edstica a comercializa\u00e7\u00e3o por <strong>objetos fonogr\u00e1ficos<\/strong> \u2013 fonogramas, discos, LPs, fitas cassete.<\/p>\n<p>Quando se ensina m\u00fasica popular se utiliza meios orais, da percep\u00e7\u00e3o fonogr\u00e1fica, da observa\u00e7\u00e3o\u2026 E a seguir da partitura.<\/p>\n<p>H\u00e1 pulso constante, m\u00e9tricas vinculadas as dan\u00e7as.<\/p>\n<h2>M\u00fasica Erudita<\/h2>\n<p>A m\u00fasica erudita utiliza a priori a <strong>tradi\u00e7\u00e3o escrita<\/strong>, para comunica\u00e7\u00e3o, transmiss\u00e3o, e aprendizagem. Embora se comercialize fonogramas de m\u00fasica erudita, o sentido do ouvir propaga-se em vivenciar atrav\u00e9s de uma apresenta\u00e7\u00e3o ao vivo contextualizada.<\/p>\n<p>A m\u00fasica de tradi\u00e7\u00e3o erudita tamb\u00e9m \u00e9 urbana. De uma urbanidade europeia.<\/p>\n<p>H\u00e1 m\u00fasica erudita instrumental tal qual h\u00e1 m\u00fasica erudita cantada.<\/p>\n<p>H\u00e1 pulso constante, tal qual expressividades que atuam diretamente com a pulsa\u00e7\u00e3o, acelerando e diminuindo a sensa\u00e7\u00e3o de tempo. O que justifica a atua\u00e7\u00e3o de um regente, por exemplo.<\/p>\n<h2><strong>Alguns argumentos:<\/strong><\/h2>\n<p>Para fazermos m\u00fasica popular precisamos estar no centro do mercado fonogr\u00e1fico, compositores e int\u00e9rpretes que desenvolvem seus trabalhos alheios a fama deixaram de ser populares? N\u00e3o, a fama depende de investimentos em propaganda, ent\u00e3o, esse argumento perdeu-se.<\/p>\n<p>A m\u00fasica popular <strong>depende de um grau elevado de imprevisto na realiza\u00e7\u00e3o musical<\/strong>. Algo que trata de assimila\u00e7\u00e3o por oralidade dos compositores, instrumentistas e int\u00e9rpretes. E de estarem atreladas as dan\u00e7as que fizeram ou fazem parte de determinada cultura.<\/p>\n<h2>Problema<\/h2>\n<p>Um fato que comprova a complicada discuss\u00e3o em que nos metemos, \u00e9 que com o desenvolvimento do mercado fonogr\u00e1fico muitos compositores de m\u00fasica erudita passaram a atuar no mercado fonogr\u00e1fico, e desenvolver obras que se aproximavam mais e mais da m\u00fasica popular. E pode-se dizer: e vice-versa.<\/p>\n<p>Com o advento e consolida\u00e7\u00e3o do mercado fonogr\u00e1fico, m\u00fasicos populares que se dedicariam a oralidade se aprofundaram ou procuraram o conhecimento escrito, e se aproximaram dos valores da m\u00fasica erudita.<\/p>\n<p>Seria ent\u00e3o uma nova m\u00fasica? Uma <strong>m\u00fasica h\u00edbrida<\/strong> por que trata de valores escritos com tradi\u00e7\u00f5es populares ou vice-versa?<\/p>\n<p>Fato \u00e9 que a m\u00fasica possui representa\u00e7\u00f5es, representatividades, significados e signific\u00e2ncias. Muito mais importante do que tratar de por menores, \u00e9 desenvolver o conhecimento musical escrito e fonogr\u00e1fico ao m\u00e1ximo, que for poss\u00edvel. \u00c9 momento para aprender a aprender.<\/p>\n<h2>Ou seria\u00a0 o momento de desconsiderar terminologias? Tratando absolutamente tudo como m\u00fasica!<\/h2>\n<p><strong><em>O texto \u201cO que \u00e9 m\u00fasica popular?\u201d tem como objeto fazer pensar. Trazer ideias mais do que transmitir respostas.<\/em><\/strong><\/p>\n<p>Saiba que a m\u00fasica \u00e9 um epis\u00f3dio da fascinante hist\u00f3ria da humanidade!<\/p>\n<h2><strong>#VemProSouzaLima<\/strong><\/h2>\n<p><strong><em>Atualizado em 15 de abril de 2021. Publicado originalmente em 19 de mar\u00e7o de 2018.<\/em><\/strong><\/p>\n","protected":false},"excerpt":{"rendered":"<p>Algumas discuss\u00f5es sobre determinadas quest\u00f5es musicais parecem um tanto ultrapassadas. Embora at\u00e9 seja repetitivo, o que \u00e9 m\u00fasica popular suscita d\u00favidas e um n\u00famero expressivo de argumentos. Vamos l\u00e1: M\u00fasica Popular a priori \u00e9 aquela que utiliza apenas da oralidade para que ocorra, em cria\u00e7\u00e3o,&#8230;<\/p>\n","protected":false},"author":3,"featured_media":0,"comment_status":"open","ping_status":"open","sticky":false,"template":"","format":"standard","meta":{"footnotes":""},"categories":[388],"tags":[115,368,7,784],"class_list":["post-21314","post","type-post","status-publish","format-standard","hentry","category-glossario","tag-blog-souza-lima","tag-destaques","tag-joao-marcondes","tag-o-que-e-musica-popular"],"yoast_head":"<!-- This site is optimized with the Yoast SEO plugin v27.2 - https:\/\/yoast.com\/product\/yoast-seo-wordpress\/ -->\n<title>O que \u00e9 m\u00fasica popular? - Blog Souza Lima<\/title>\n<meta name=\"description\" content=\"Entenda o que \u00e9 m\u00fasica popular: defini\u00e7\u00e3o, origem, caracter\u00edsticas e sua evolu\u00e7\u00e3o na cultura urbana e no mercado fonogr\u00e1fico.\" \/>\n<meta name=\"robots\" content=\"index, follow, max-snippet:-1, max-image-preview:large, max-video-preview:-1\" \/>\n<link rel=\"canonical\" href=\"https:\/\/souzalima.com.br\/blog\/o-que-e-musica-popular\/\" \/>\n<meta property=\"og:locale\" content=\"pt_BR\" \/>\n<meta property=\"og:type\" content=\"article\" \/>\n<meta property=\"og:title\" content=\"O que \u00e9 m\u00fasica popular? - Blog Souza Lima\" \/>\n<meta property=\"og:description\" content=\"Entenda o que \u00e9 m\u00fasica popular: defini\u00e7\u00e3o, origem, caracter\u00edsticas e sua evolu\u00e7\u00e3o na cultura urbana e no mercado fonogr\u00e1fico.\" \/>\n<meta property=\"og:url\" content=\"https:\/\/souzalima.com.br\/blog\/o-que-e-musica-popular\/\" \/>\n<meta property=\"og:site_name\" content=\"Blog Souza Lima\" \/>\n<meta property=\"article:publisher\" content=\"https:\/\/www.facebook.com\/souzalimaoficial\" \/>\n<meta property=\"article:published_time\" content=\"2021-04-16T18:28:30+00:00\" \/>\n<meta property=\"article:modified_time\" content=\"2025-10-27T19:48:38+00:00\" \/>\n<meta name=\"author\" content=\"Jo\u00e3o Marcondes\" \/>\n<meta name=\"twitter:card\" content=\"summary_large_image\" \/>\n<meta name=\"twitter:label1\" content=\"Escrito por\" \/>\n\t<meta name=\"twitter:data1\" content=\"Jo\u00e3o Marcondes\" \/>\n\t<meta name=\"twitter:label2\" content=\"Est. tempo de leitura\" \/>\n\t<meta name=\"twitter:data2\" content=\"4 minutos\" \/>\n<script type=\"application\/ld+json\" class=\"yoast-schema-graph\">{\"@context\":\"https:\/\/schema.org\",\"@graph\":[{\"@type\":\"Article\",\"@id\":\"https:\/\/souzalima.com.br\/blog\/o-que-e-musica-popular\/#article\",\"isPartOf\":{\"@id\":\"https:\/\/souzalima.com.br\/blog\/o-que-e-musica-popular\/\"},\"author\":{\"name\":\"Jo\u00e3o Marcondes\",\"@id\":\"https:\/\/souzalima.com.br\/blog\/#\/schema\/person\/f6aad8444e58fb11121a921b22bed6ae\"},\"headline\":\"O que \u00e9 m\u00fasica popular?\",\"datePublished\":\"2021-04-16T18:28:30+00:00\",\"dateModified\":\"2025-10-27T19:48:38+00:00\",\"mainEntityOfPage\":{\"@id\":\"https:\/\/souzalima.com.br\/blog\/o-que-e-musica-popular\/\"},\"wordCount\":710,\"commentCount\":0,\"publisher\":{\"@id\":\"https:\/\/souzalima.com.br\/blog\/#organization\"},\"keywords\":[\"blog souza lima\",\"destaques\",\"jo\u00e3o marcondes\",\"o que \u00e9 m\u00fasica popular\"],\"articleSection\":[\"Gloss\u00e1rio\"],\"inLanguage\":\"pt-BR\",\"potentialAction\":[{\"@type\":\"CommentAction\",\"name\":\"Comment\",\"target\":[\"https:\/\/souzalima.com.br\/blog\/o-que-e-musica-popular\/#respond\"]}]},{\"@type\":\"WebPage\",\"@id\":\"https:\/\/souzalima.com.br\/blog\/o-que-e-musica-popular\/\",\"url\":\"https:\/\/souzalima.com.br\/blog\/o-que-e-musica-popular\/\",\"name\":\"O que \u00e9 m\u00fasica popular? - Blog Souza Lima\",\"isPartOf\":{\"@id\":\"https:\/\/souzalima.com.br\/blog\/#website\"},\"datePublished\":\"2021-04-16T18:28:30+00:00\",\"dateModified\":\"2025-10-27T19:48:38+00:00\",\"description\":\"Entenda o que \u00e9 m\u00fasica popular: defini\u00e7\u00e3o, origem, caracter\u00edsticas e sua evolu\u00e7\u00e3o na cultura urbana e no mercado fonogr\u00e1fico.\",\"breadcrumb\":{\"@id\":\"https:\/\/souzalima.com.br\/blog\/o-que-e-musica-popular\/#breadcrumb\"},\"inLanguage\":\"pt-BR\",\"potentialAction\":[{\"@type\":\"ReadAction\",\"target\":[\"https:\/\/souzalima.com.br\/blog\/o-que-e-musica-popular\/\"]}]},{\"@type\":\"BreadcrumbList\",\"@id\":\"https:\/\/souzalima.com.br\/blog\/o-que-e-musica-popular\/#breadcrumb\",\"itemListElement\":[{\"@type\":\"ListItem\",\"position\":1,\"name\":\"In\u00edcio\",\"item\":\"https:\/\/souzalima.com.br\/blog\/\"},{\"@type\":\"ListItem\",\"position\":2,\"name\":\"O que \u00e9 m\u00fasica popular?\"}]},{\"@type\":\"WebSite\",\"@id\":\"https:\/\/souzalima.com.br\/blog\/#website\",\"url\":\"https:\/\/souzalima.com.br\/blog\/\",\"name\":\"Blog Souza Lima\",\"description\":\"Descubra o universo musical com o Blog Souza Lima! \",\"publisher\":{\"@id\":\"https:\/\/souzalima.com.br\/blog\/#organization\"},\"potentialAction\":[{\"@type\":\"SearchAction\",\"target\":{\"@type\":\"EntryPoint\",\"urlTemplate\":\"https:\/\/souzalima.com.br\/blog\/?s={search_term_string}\"},\"query-input\":{\"@type\":\"PropertyValueSpecification\",\"valueRequired\":true,\"valueName\":\"search_term_string\"}}],\"inLanguage\":\"pt-BR\"},{\"@type\":\"Organization\",\"@id\":\"https:\/\/souzalima.com.br\/blog\/#organization\",\"name\":\"Blog Souza Lima\",\"url\":\"https:\/\/souzalima.com.br\/blog\/\",\"logo\":{\"@type\":\"ImageObject\",\"inLanguage\":\"pt-BR\",\"@id\":\"https:\/\/souzalima.com.br\/blog\/#\/schema\/logo\/image\/\",\"url\":\"https:\/\/souzalima.com.br\/blog\/wp-content\/uploads\/2024\/04\/logo-blog-escuro.png\",\"contentUrl\":\"https:\/\/souzalima.com.br\/blog\/wp-content\/uploads\/2024\/04\/logo-blog-escuro.png\",\"width\":700,\"height\":360,\"caption\":\"Blog Souza Lima\"},\"image\":{\"@id\":\"https:\/\/souzalima.com.br\/blog\/#\/schema\/logo\/image\/\"},\"sameAs\":[\"https:\/\/www.facebook.com\/souzalimaoficial\",\"https:\/\/www.instagram.com\/souzalimaoficial\/\",\"https:\/\/www.tiktok.com\/@souzalimaoficial\"]},{\"@type\":\"Person\",\"@id\":\"https:\/\/souzalima.com.br\/blog\/#\/schema\/person\/f6aad8444e58fb11121a921b22bed6ae\",\"name\":\"Jo\u00e3o Marcondes\",\"image\":{\"@type\":\"ImageObject\",\"inLanguage\":\"pt-BR\",\"@id\":\"https:\/\/secure.gravatar.com\/avatar\/9ceaf49983887d9fed6c838ba33a97c89f1e3f2836978af414e1b7cf88be2678?s=96&d=mm&r=g\",\"url\":\"https:\/\/secure.gravatar.com\/avatar\/9ceaf49983887d9fed6c838ba33a97c89f1e3f2836978af414e1b7cf88be2678?s=96&d=mm&r=g\",\"contentUrl\":\"https:\/\/secure.gravatar.com\/avatar\/9ceaf49983887d9fed6c838ba33a97c89f1e3f2836978af414e1b7cf88be2678?s=96&d=mm&r=g\",\"caption\":\"Jo\u00e3o Marcondes\"},\"url\":\"https:\/\/souzalima.com.br\/blog\/author\/joao\/\"}]}<\/script>\n<!-- \/ Yoast SEO plugin. -->","yoast_head_json":{"title":"O que \u00e9 m\u00fasica popular? - Blog Souza Lima","description":"Entenda o que \u00e9 m\u00fasica popular: defini\u00e7\u00e3o, origem, caracter\u00edsticas e sua evolu\u00e7\u00e3o na cultura urbana e no mercado fonogr\u00e1fico.","robots":{"index":"index","follow":"follow","max-snippet":"max-snippet:-1","max-image-preview":"max-image-preview:large","max-video-preview":"max-video-preview:-1"},"canonical":"https:\/\/souzalima.com.br\/blog\/o-que-e-musica-popular\/","og_locale":"pt_BR","og_type":"article","og_title":"O que \u00e9 m\u00fasica popular? - Blog Souza Lima","og_description":"Entenda o que \u00e9 m\u00fasica popular: defini\u00e7\u00e3o, origem, caracter\u00edsticas e sua evolu\u00e7\u00e3o na cultura urbana e no mercado fonogr\u00e1fico.","og_url":"https:\/\/souzalima.com.br\/blog\/o-que-e-musica-popular\/","og_site_name":"Blog Souza Lima","article_publisher":"https:\/\/www.facebook.com\/souzalimaoficial","article_published_time":"2021-04-16T18:28:30+00:00","article_modified_time":"2025-10-27T19:48:38+00:00","author":"Jo\u00e3o Marcondes","twitter_card":"summary_large_image","twitter_misc":{"Escrito por":"Jo\u00e3o Marcondes","Est. tempo de leitura":"4 minutos"},"schema":{"@context":"https:\/\/schema.org","@graph":[{"@type":"Article","@id":"https:\/\/souzalima.com.br\/blog\/o-que-e-musica-popular\/#article","isPartOf":{"@id":"https:\/\/souzalima.com.br\/blog\/o-que-e-musica-popular\/"},"author":{"name":"Jo\u00e3o Marcondes","@id":"https:\/\/souzalima.com.br\/blog\/#\/schema\/person\/f6aad8444e58fb11121a921b22bed6ae"},"headline":"O que \u00e9 m\u00fasica popular?","datePublished":"2021-04-16T18:28:30+00:00","dateModified":"2025-10-27T19:48:38+00:00","mainEntityOfPage":{"@id":"https:\/\/souzalima.com.br\/blog\/o-que-e-musica-popular\/"},"wordCount":710,"commentCount":0,"publisher":{"@id":"https:\/\/souzalima.com.br\/blog\/#organization"},"keywords":["blog souza lima","destaques","jo\u00e3o marcondes","o que \u00e9 m\u00fasica popular"],"articleSection":["Gloss\u00e1rio"],"inLanguage":"pt-BR","potentialAction":[{"@type":"CommentAction","name":"Comment","target":["https:\/\/souzalima.com.br\/blog\/o-que-e-musica-popular\/#respond"]}]},{"@type":"WebPage","@id":"https:\/\/souzalima.com.br\/blog\/o-que-e-musica-popular\/","url":"https:\/\/souzalima.com.br\/blog\/o-que-e-musica-popular\/","name":"O que \u00e9 m\u00fasica popular? - Blog Souza Lima","isPartOf":{"@id":"https:\/\/souzalima.com.br\/blog\/#website"},"datePublished":"2021-04-16T18:28:30+00:00","dateModified":"2025-10-27T19:48:38+00:00","description":"Entenda o que \u00e9 m\u00fasica popular: defini\u00e7\u00e3o, origem, caracter\u00edsticas e sua evolu\u00e7\u00e3o na cultura urbana e no mercado fonogr\u00e1fico.","breadcrumb":{"@id":"https:\/\/souzalima.com.br\/blog\/o-que-e-musica-popular\/#breadcrumb"},"inLanguage":"pt-BR","potentialAction":[{"@type":"ReadAction","target":["https:\/\/souzalima.com.br\/blog\/o-que-e-musica-popular\/"]}]},{"@type":"BreadcrumbList","@id":"https:\/\/souzalima.com.br\/blog\/o-que-e-musica-popular\/#breadcrumb","itemListElement":[{"@type":"ListItem","position":1,"name":"In\u00edcio","item":"https:\/\/souzalima.com.br\/blog\/"},{"@type":"ListItem","position":2,"name":"O que \u00e9 m\u00fasica popular?"}]},{"@type":"WebSite","@id":"https:\/\/souzalima.com.br\/blog\/#website","url":"https:\/\/souzalima.com.br\/blog\/","name":"Blog Souza Lima","description":"Descubra o universo musical com o Blog Souza Lima! ","publisher":{"@id":"https:\/\/souzalima.com.br\/blog\/#organization"},"potentialAction":[{"@type":"SearchAction","target":{"@type":"EntryPoint","urlTemplate":"https:\/\/souzalima.com.br\/blog\/?s={search_term_string}"},"query-input":{"@type":"PropertyValueSpecification","valueRequired":true,"valueName":"search_term_string"}}],"inLanguage":"pt-BR"},{"@type":"Organization","@id":"https:\/\/souzalima.com.br\/blog\/#organization","name":"Blog Souza Lima","url":"https:\/\/souzalima.com.br\/blog\/","logo":{"@type":"ImageObject","inLanguage":"pt-BR","@id":"https:\/\/souzalima.com.br\/blog\/#\/schema\/logo\/image\/","url":"https:\/\/souzalima.com.br\/blog\/wp-content\/uploads\/2024\/04\/logo-blog-escuro.png","contentUrl":"https:\/\/souzalima.com.br\/blog\/wp-content\/uploads\/2024\/04\/logo-blog-escuro.png","width":700,"height":360,"caption":"Blog Souza Lima"},"image":{"@id":"https:\/\/souzalima.com.br\/blog\/#\/schema\/logo\/image\/"},"sameAs":["https:\/\/www.facebook.com\/souzalimaoficial","https:\/\/www.instagram.com\/souzalimaoficial\/","https:\/\/www.tiktok.com\/@souzalimaoficial"]},{"@type":"Person","@id":"https:\/\/souzalima.com.br\/blog\/#\/schema\/person\/f6aad8444e58fb11121a921b22bed6ae","name":"Jo\u00e3o Marcondes","image":{"@type":"ImageObject","inLanguage":"pt-BR","@id":"https:\/\/secure.gravatar.com\/avatar\/9ceaf49983887d9fed6c838ba33a97c89f1e3f2836978af414e1b7cf88be2678?s=96&d=mm&r=g","url":"https:\/\/secure.gravatar.com\/avatar\/9ceaf49983887d9fed6c838ba33a97c89f1e3f2836978af414e1b7cf88be2678?s=96&d=mm&r=g","contentUrl":"https:\/\/secure.gravatar.com\/avatar\/9ceaf49983887d9fed6c838ba33a97c89f1e3f2836978af414e1b7cf88be2678?s=96&d=mm&r=g","caption":"Jo\u00e3o Marcondes"},"url":"https:\/\/souzalima.com.br\/blog\/author\/joao\/"}]}},"_links":{"self":[{"href":"https:\/\/souzalima.com.br\/blog\/wp-json\/wp\/v2\/posts\/21314","targetHints":{"allow":["GET"]}}],"collection":[{"href":"https:\/\/souzalima.com.br\/blog\/wp-json\/wp\/v2\/posts"}],"about":[{"href":"https:\/\/souzalima.com.br\/blog\/wp-json\/wp\/v2\/types\/post"}],"author":[{"embeddable":true,"href":"https:\/\/souzalima.com.br\/blog\/wp-json\/wp\/v2\/users\/3"}],"replies":[{"embeddable":true,"href":"https:\/\/souzalima.com.br\/blog\/wp-json\/wp\/v2\/comments?post=21314"}],"version-history":[{"count":1,"href":"https:\/\/souzalima.com.br\/blog\/wp-json\/wp\/v2\/posts\/21314\/revisions"}],"predecessor-version":[{"id":21316,"href":"https:\/\/souzalima.com.br\/blog\/wp-json\/wp\/v2\/posts\/21314\/revisions\/21316"}],"wp:attachment":[{"href":"https:\/\/souzalima.com.br\/blog\/wp-json\/wp\/v2\/media?parent=21314"}],"wp:term":[{"taxonomy":"category","embeddable":true,"href":"https:\/\/souzalima.com.br\/blog\/wp-json\/wp\/v2\/categories?post=21314"},{"taxonomy":"post_tag","embeddable":true,"href":"https:\/\/souzalima.com.br\/blog\/wp-json\/wp\/v2\/tags?post=21314"}],"curies":[{"name":"wp","href":"https:\/\/api.w.org\/{rel}","templated":true}]}}