{"id":20965,"date":"2020-08-17T21:18:30","date_gmt":"2020-08-18T00:18:30","guid":{"rendered":"https:\/\/souzalima.com.br\/blog\/?p=20965"},"modified":"2024-09-25T21:20:08","modified_gmt":"2024-09-26T00:20:08","slug":"o-que-e-forma-em-musica","status":"publish","type":"post","link":"https:\/\/souzalima.com.br\/blog\/o-que-e-forma-em-musica\/","title":{"rendered":"O que \u00e9 forma em m\u00fasica?"},"content":{"rendered":"<h2><strong>O que \u00e9 forma em m\u00fasica? Forma \u00e9 um paradigma organizacional para an\u00e1lise de uma obra musical, mas que contribui tamb\u00e9m para a pr\u00e1tica e execu\u00e7\u00e3o.<\/strong><\/h2>\n<p>Ao analisar uma obra musical pontuamos quest\u00f5es que orientam sua interpreta\u00e7\u00e3o e execu\u00e7\u00e3o. As partes habitualmente podem ser ordenadas definindo cada se\u00e7\u00e3o por aspecto mel\u00f3dico ou fun\u00e7\u00e3o com letras que promovem similaridade. Ainda \u00e9 poss\u00edvel organizar uma obra com letras de ensaio \u2013 letras mai\u00fasculas por se\u00e7\u00e3o continuamente de A at\u00e9 Z, corridas independente de serem partes comuns ou n\u00e3o.<\/p>\n<p><strong>Mas a numera\u00e7\u00e3o de compasso n\u00e3o seria o bastante na partitura?<\/strong><\/p>\n<p>N\u00e3o. Quando enumeramos o compasso aperfei\u00e7oamos o ponto de partida na comunica\u00e7\u00e3o, mas quando o m\u00fasico executante est\u00e1 ciente do ponto de partida dada a marca\u00e7\u00e3o da forma real, automaticamente o gesto musical e fisiol\u00f3gico se define para melhor designar a sua interpreta\u00e7\u00e3o.<\/p>\n<p>A organiza\u00e7\u00e3o da forma aperfei\u00e7oa tamb\u00e9m, por exemplo, a realiza\u00e7\u00e3o de um ensaio, tal qual o desenvolvimento da execu\u00e7\u00e3o do musicista. Um diretor musical ou um regente quando se comunica por letras de ensaio identifica propriamente ao m\u00fasico a parte que pretende, se associada a melodia ou aspecto musical j\u00e1 conhecido.<\/p>\n<p>Se a obra est\u00e1 devidamente marcada, no que \u00e9 uma primeira se\u00e7\u00e3o ou uma segunda se\u00e7\u00e3o, e assim sucessivamente, na comunica\u00e7\u00e3o r\u00e1pida aproveita-se melhor o tempo escasso que habitualmente possu\u00edmos.<\/p>\n<p>A maior dificuldade no desenvolvimento de um trabalho, que depende de muitos m\u00fasicos, est\u00e1 em conciliar as agendas, por mais incr\u00edvel que isso possa parecer, e aproveitando todo tempo poss\u00edvel, a partitura \u00e9 motriz se organizada se\u00e7\u00e3o por se\u00e7\u00e3o.<\/p>\n<h2><strong>Ent\u00e3o o que \u00e9 se\u00e7\u00e3o?<\/strong><\/h2>\n<p>Se\u00e7\u00e3o ou parte \u00e9 um comp\u00eandio estipulado dentro de uma sucess\u00e3o de compassos definindo caracter\u00edstica comum que os une em contraposi\u00e7\u00e3o de outra sucess\u00e3o de compassos.<\/p>\n<p><strong>Garota de Ipanema\u00a0<\/strong>de Tom Jobim e Vin\u00edcius de Moraes, por exemplo, possui duas se\u00e7\u00f5es ou partes diferentes. Organizadas em A1 \u2013 primeira parte, A1 novamente, B \u2013 segunda parte, A2 \u2013 repeti\u00e7\u00e3o da primeira parte com uma pequena varia\u00e7\u00e3o.<\/p>\n<p>Se a forma apresentasse uma introdu\u00e7\u00e3o seria grafada como <strong>intro<\/strong> \u2013 se\u00e7\u00e3o preliminar que antecede o primeiro tema.<\/p>\n<p>Caso a forma apresente um interl\u00fadio, ou intermezzo, ou se\u00e7\u00e3o solo in\u00e9dita dada uma nova constru\u00e7\u00e3o harm\u00f4nica ou mel\u00f3dica, comporia uma nova se\u00e7\u00e3o \u2013 chamada de solo, ou interl\u00fadio.<\/p>\n<p>O mesmo ocorreria se houvesse uma se\u00e7\u00e3o final, in\u00e9dita quanto a constru\u00e7\u00e3o harm\u00f4nica e mel\u00f3dica, e at\u00e9 mesmo r\u00edtmica, estaria formada uma nova parte \u2013 um coda, por exemplo, que na origem da hist\u00f3ria da m\u00fasica al\u00e9m de compor um sinal de abrevia\u00e7\u00e3o \u00e9 considerada parte da forma \u2013 uma se\u00e7\u00e3o de varia\u00e7\u00e3o com car\u00e1ter de finaliza\u00e7\u00e3o de uma obra musical.<\/p>\n<h2>Como exemplo de forma:<\/h2>\n<p><strong>Introdu\u00e7\u00e3o A1 A2 B1 A3 Solo B2 A4 Coda<\/strong><\/p>\n<p>A mesma se\u00e7\u00e3o em determinada linguagem do arranjo, poderia ser grafada como:<\/p>\n<p><strong>Introdu\u00e7\u00e3o A1 A1 B A2 C B A2 D<\/strong><\/p>\n<p>Ou ainda de maneira corrida, que chamamos letras de ensaio:<\/p>\n<p><strong>A B C D E F G H I<\/strong><\/p>\n<p>Nesse \u00faltimo caso das letras de ensaio dificulta-se \u00e0 visualiza\u00e7\u00e3o das formas, tornando-se algo similar a enumera\u00e7\u00e3o dos compassos. S\u00e3o nove partes, grafadas de A at\u00e9 I.<\/p>\n<h2><strong>Conclus\u00e3o<\/strong><\/h2>\n<p>Na organiza\u00e7\u00e3o da partitura, e da dire\u00e7\u00e3o musical de um agrupamento, particularmente a primeira sugest\u00e3o \u00e9 a mais funcional, e \u00e9 a que recorro nos meus arranjos e produ\u00e7\u00f5es musicais.<\/p>\n<p>Ao descrever em um ensaio a se\u00e7\u00e3o em que se atua, o m\u00fasico tem refer\u00eancia sobre ela, e as vezes sem precisar recorrer constantemente a partitura.<\/p>\n<h2>Mas e se eu n\u00e3o utilizo partitura?<\/h2>\n<p>Pontue verbalmente o que considera uma se\u00e7\u00e3o e a forma que est\u00e1 constru\u00edda sua obra musical.<\/p>\n<p>Como aprender isso? Que tal em um curso t\u00e9cnico de produ\u00e7\u00e3o musical? N\u00f3s temos!<\/p>\n<p><a href=\"https:\/\/souzalima.com.br\/curso\/tecnico-em-producao-musical\/\">Saiba mais aqui!<\/a><\/p>\n<h2><strong>#VemProSouzaLima<\/strong><\/h2>\n<p><strong>Publicado em maio de 2018, ampliado e revisado em 17 de agosto de 2020.<\/strong><\/p>\n","protected":false},"excerpt":{"rendered":"<p>O que \u00e9 forma em m\u00fasica? Forma \u00e9 um paradigma organizacional para an\u00e1lise de uma obra musical, mas que contribui tamb\u00e9m para a pr\u00e1tica e execu\u00e7\u00e3o. Ao analisar uma obra musical pontuamos quest\u00f5es que orientam sua interpreta\u00e7\u00e3o e execu\u00e7\u00e3o. As partes habitualmente podem ser ordenadas&#8230;<\/p>\n","protected":false},"author":3,"featured_media":20877,"comment_status":"open","ping_status":"open","sticky":false,"template":"","format":"standard","meta":{"footnotes":""},"categories":[12,388],"tags":[115,368,7,647],"class_list":["post-20965","post","type-post","status-publish","format-standard","has-post-thumbnail","hentry","category-estudo","category-glossario","tag-blog-souza-lima","tag-destaques","tag-joao-marcondes","tag-o-que-e-forma-em-musica"],"yoast_head":"<!-- This site is optimized with the Yoast SEO plugin v27.2 - https:\/\/yoast.com\/product\/yoast-seo-wordpress\/ -->\n<title>O que \u00e9 forma em m\u00fasica? - Blog Souza Lima<\/title>\n<meta name=\"robots\" content=\"index, follow, max-snippet:-1, max-image-preview:large, max-video-preview:-1\" \/>\n<link rel=\"canonical\" href=\"https:\/\/souzalima.com.br\/blog\/o-que-e-forma-em-musica\/\" \/>\n<meta property=\"og:locale\" content=\"pt_BR\" \/>\n<meta property=\"og:type\" content=\"article\" \/>\n<meta property=\"og:title\" content=\"O que \u00e9 forma em m\u00fasica? - Blog Souza Lima\" \/>\n<meta property=\"og:description\" content=\"O que \u00e9 forma em m\u00fasica? Forma \u00e9 um paradigma organizacional para an\u00e1lise de uma obra musical, mas que contribui tamb\u00e9m para a pr\u00e1tica e execu\u00e7\u00e3o. Ao analisar uma obra musical pontuamos quest\u00f5es que orientam sua interpreta\u00e7\u00e3o e execu\u00e7\u00e3o. As partes habitualmente podem ser ordenadas...\" \/>\n<meta property=\"og:url\" content=\"https:\/\/souzalima.com.br\/blog\/o-que-e-forma-em-musica\/\" \/>\n<meta property=\"og:site_name\" content=\"Blog Souza Lima\" \/>\n<meta property=\"article:publisher\" content=\"https:\/\/www.facebook.com\/souzalimaoficial\" \/>\n<meta property=\"article:published_time\" content=\"2020-08-18T00:18:30+00:00\" \/>\n<meta property=\"article:modified_time\" content=\"2024-09-26T00:20:08+00:00\" \/>\n<meta property=\"og:image\" content=\"https:\/\/souzalima.com.br\/blog\/wp-content\/uploads\/2024\/09\/lihas-suplementares-1.webp\" \/>\n\t<meta property=\"og:image:width\" content=\"696\" \/>\n\t<meta property=\"og:image:height\" content=\"522\" \/>\n\t<meta property=\"og:image:type\" content=\"image\/webp\" \/>\n<meta name=\"author\" content=\"Jo\u00e3o Marcondes\" \/>\n<meta name=\"twitter:card\" content=\"summary_large_image\" \/>\n<meta name=\"twitter:label1\" content=\"Escrito por\" \/>\n\t<meta name=\"twitter:data1\" content=\"Jo\u00e3o Marcondes\" \/>\n\t<meta name=\"twitter:label2\" content=\"Est. tempo de leitura\" \/>\n\t<meta name=\"twitter:data2\" content=\"4 minutos\" \/>\n<script type=\"application\/ld+json\" class=\"yoast-schema-graph\">{\"@context\":\"https:\/\/schema.org\",\"@graph\":[{\"@type\":\"Article\",\"@id\":\"https:\/\/souzalima.com.br\/blog\/o-que-e-forma-em-musica\/#article\",\"isPartOf\":{\"@id\":\"https:\/\/souzalima.com.br\/blog\/o-que-e-forma-em-musica\/\"},\"author\":{\"name\":\"Jo\u00e3o Marcondes\",\"@id\":\"https:\/\/souzalima.com.br\/blog\/#\/schema\/person\/f6aad8444e58fb11121a921b22bed6ae\"},\"headline\":\"O que \u00e9 forma em m\u00fasica?\",\"datePublished\":\"2020-08-18T00:18:30+00:00\",\"dateModified\":\"2024-09-26T00:20:08+00:00\",\"mainEntityOfPage\":{\"@id\":\"https:\/\/souzalima.com.br\/blog\/o-que-e-forma-em-musica\/\"},\"wordCount\":711,\"commentCount\":0,\"publisher\":{\"@id\":\"https:\/\/souzalima.com.br\/blog\/#organization\"},\"image\":{\"@id\":\"https:\/\/souzalima.com.br\/blog\/o-que-e-forma-em-musica\/#primaryimage\"},\"thumbnailUrl\":\"https:\/\/souzalima.com.br\/blog\/wp-content\/uploads\/2024\/09\/lihas-suplementares-1.webp\",\"keywords\":[\"blog souza lima\",\"destaques\",\"jo\u00e3o marcondes\",\"o que \u00e9 forma em m\u00fasica\"],\"articleSection\":[\"Estudo\",\"Gloss\u00e1rio\"],\"inLanguage\":\"pt-BR\",\"potentialAction\":[{\"@type\":\"CommentAction\",\"name\":\"Comment\",\"target\":[\"https:\/\/souzalima.com.br\/blog\/o-que-e-forma-em-musica\/#respond\"]}]},{\"@type\":\"WebPage\",\"@id\":\"https:\/\/souzalima.com.br\/blog\/o-que-e-forma-em-musica\/\",\"url\":\"https:\/\/souzalima.com.br\/blog\/o-que-e-forma-em-musica\/\",\"name\":\"O que \u00e9 forma em m\u00fasica? - Blog Souza Lima\",\"isPartOf\":{\"@id\":\"https:\/\/souzalima.com.br\/blog\/#website\"},\"primaryImageOfPage\":{\"@id\":\"https:\/\/souzalima.com.br\/blog\/o-que-e-forma-em-musica\/#primaryimage\"},\"image\":{\"@id\":\"https:\/\/souzalima.com.br\/blog\/o-que-e-forma-em-musica\/#primaryimage\"},\"thumbnailUrl\":\"https:\/\/souzalima.com.br\/blog\/wp-content\/uploads\/2024\/09\/lihas-suplementares-1.webp\",\"datePublished\":\"2020-08-18T00:18:30+00:00\",\"dateModified\":\"2024-09-26T00:20:08+00:00\",\"breadcrumb\":{\"@id\":\"https:\/\/souzalima.com.br\/blog\/o-que-e-forma-em-musica\/#breadcrumb\"},\"inLanguage\":\"pt-BR\",\"potentialAction\":[{\"@type\":\"ReadAction\",\"target\":[\"https:\/\/souzalima.com.br\/blog\/o-que-e-forma-em-musica\/\"]}]},{\"@type\":\"ImageObject\",\"inLanguage\":\"pt-BR\",\"@id\":\"https:\/\/souzalima.com.br\/blog\/o-que-e-forma-em-musica\/#primaryimage\",\"url\":\"https:\/\/souzalima.com.br\/blog\/wp-content\/uploads\/2024\/09\/lihas-suplementares-1.webp\",\"contentUrl\":\"https:\/\/souzalima.com.br\/blog\/wp-content\/uploads\/2024\/09\/lihas-suplementares-1.webp\",\"width\":696,\"height\":522},{\"@type\":\"BreadcrumbList\",\"@id\":\"https:\/\/souzalima.com.br\/blog\/o-que-e-forma-em-musica\/#breadcrumb\",\"itemListElement\":[{\"@type\":\"ListItem\",\"position\":1,\"name\":\"In\u00edcio\",\"item\":\"https:\/\/souzalima.com.br\/blog\/\"},{\"@type\":\"ListItem\",\"position\":2,\"name\":\"O que \u00e9 forma em m\u00fasica?\"}]},{\"@type\":\"WebSite\",\"@id\":\"https:\/\/souzalima.com.br\/blog\/#website\",\"url\":\"https:\/\/souzalima.com.br\/blog\/\",\"name\":\"Blog Souza Lima\",\"description\":\"Descubra o universo musical com o Blog Souza Lima! \",\"publisher\":{\"@id\":\"https:\/\/souzalima.com.br\/blog\/#organization\"},\"potentialAction\":[{\"@type\":\"SearchAction\",\"target\":{\"@type\":\"EntryPoint\",\"urlTemplate\":\"https:\/\/souzalima.com.br\/blog\/?s={search_term_string}\"},\"query-input\":{\"@type\":\"PropertyValueSpecification\",\"valueRequired\":true,\"valueName\":\"search_term_string\"}}],\"inLanguage\":\"pt-BR\"},{\"@type\":\"Organization\",\"@id\":\"https:\/\/souzalima.com.br\/blog\/#organization\",\"name\":\"Blog Souza Lima\",\"url\":\"https:\/\/souzalima.com.br\/blog\/\",\"logo\":{\"@type\":\"ImageObject\",\"inLanguage\":\"pt-BR\",\"@id\":\"https:\/\/souzalima.com.br\/blog\/#\/schema\/logo\/image\/\",\"url\":\"https:\/\/souzalima.com.br\/blog\/wp-content\/uploads\/2024\/04\/logo-blog-escuro.png\",\"contentUrl\":\"https:\/\/souzalima.com.br\/blog\/wp-content\/uploads\/2024\/04\/logo-blog-escuro.png\",\"width\":700,\"height\":360,\"caption\":\"Blog Souza Lima\"},\"image\":{\"@id\":\"https:\/\/souzalima.com.br\/blog\/#\/schema\/logo\/image\/\"},\"sameAs\":[\"https:\/\/www.facebook.com\/souzalimaoficial\",\"https:\/\/www.instagram.com\/souzalimaoficial\/\",\"https:\/\/www.tiktok.com\/@souzalimaoficial\"]},{\"@type\":\"Person\",\"@id\":\"https:\/\/souzalima.com.br\/blog\/#\/schema\/person\/f6aad8444e58fb11121a921b22bed6ae\",\"name\":\"Jo\u00e3o Marcondes\",\"image\":{\"@type\":\"ImageObject\",\"inLanguage\":\"pt-BR\",\"@id\":\"https:\/\/secure.gravatar.com\/avatar\/9ceaf49983887d9fed6c838ba33a97c89f1e3f2836978af414e1b7cf88be2678?s=96&d=mm&r=g\",\"url\":\"https:\/\/secure.gravatar.com\/avatar\/9ceaf49983887d9fed6c838ba33a97c89f1e3f2836978af414e1b7cf88be2678?s=96&d=mm&r=g\",\"contentUrl\":\"https:\/\/secure.gravatar.com\/avatar\/9ceaf49983887d9fed6c838ba33a97c89f1e3f2836978af414e1b7cf88be2678?s=96&d=mm&r=g\",\"caption\":\"Jo\u00e3o Marcondes\"},\"url\":\"https:\/\/souzalima.com.br\/blog\/author\/joao\/\"}]}<\/script>\n<!-- \/ Yoast SEO plugin. -->","yoast_head_json":{"title":"O que \u00e9 forma em m\u00fasica? - Blog Souza Lima","robots":{"index":"index","follow":"follow","max-snippet":"max-snippet:-1","max-image-preview":"max-image-preview:large","max-video-preview":"max-video-preview:-1"},"canonical":"https:\/\/souzalima.com.br\/blog\/o-que-e-forma-em-musica\/","og_locale":"pt_BR","og_type":"article","og_title":"O que \u00e9 forma em m\u00fasica? - Blog Souza Lima","og_description":"O que \u00e9 forma em m\u00fasica? Forma \u00e9 um paradigma organizacional para an\u00e1lise de uma obra musical, mas que contribui tamb\u00e9m para a pr\u00e1tica e execu\u00e7\u00e3o. Ao analisar uma obra musical pontuamos quest\u00f5es que orientam sua interpreta\u00e7\u00e3o e execu\u00e7\u00e3o. As partes habitualmente podem ser ordenadas...","og_url":"https:\/\/souzalima.com.br\/blog\/o-que-e-forma-em-musica\/","og_site_name":"Blog Souza Lima","article_publisher":"https:\/\/www.facebook.com\/souzalimaoficial","article_published_time":"2020-08-18T00:18:30+00:00","article_modified_time":"2024-09-26T00:20:08+00:00","og_image":[{"width":696,"height":522,"url":"https:\/\/souzalima.com.br\/blog\/wp-content\/uploads\/2024\/09\/lihas-suplementares-1.webp","type":"image\/webp"}],"author":"Jo\u00e3o Marcondes","twitter_card":"summary_large_image","twitter_misc":{"Escrito por":"Jo\u00e3o Marcondes","Est. tempo de leitura":"4 minutos"},"schema":{"@context":"https:\/\/schema.org","@graph":[{"@type":"Article","@id":"https:\/\/souzalima.com.br\/blog\/o-que-e-forma-em-musica\/#article","isPartOf":{"@id":"https:\/\/souzalima.com.br\/blog\/o-que-e-forma-em-musica\/"},"author":{"name":"Jo\u00e3o Marcondes","@id":"https:\/\/souzalima.com.br\/blog\/#\/schema\/person\/f6aad8444e58fb11121a921b22bed6ae"},"headline":"O que \u00e9 forma em m\u00fasica?","datePublished":"2020-08-18T00:18:30+00:00","dateModified":"2024-09-26T00:20:08+00:00","mainEntityOfPage":{"@id":"https:\/\/souzalima.com.br\/blog\/o-que-e-forma-em-musica\/"},"wordCount":711,"commentCount":0,"publisher":{"@id":"https:\/\/souzalima.com.br\/blog\/#organization"},"image":{"@id":"https:\/\/souzalima.com.br\/blog\/o-que-e-forma-em-musica\/#primaryimage"},"thumbnailUrl":"https:\/\/souzalima.com.br\/blog\/wp-content\/uploads\/2024\/09\/lihas-suplementares-1.webp","keywords":["blog souza lima","destaques","jo\u00e3o marcondes","o que \u00e9 forma em m\u00fasica"],"articleSection":["Estudo","Gloss\u00e1rio"],"inLanguage":"pt-BR","potentialAction":[{"@type":"CommentAction","name":"Comment","target":["https:\/\/souzalima.com.br\/blog\/o-que-e-forma-em-musica\/#respond"]}]},{"@type":"WebPage","@id":"https:\/\/souzalima.com.br\/blog\/o-que-e-forma-em-musica\/","url":"https:\/\/souzalima.com.br\/blog\/o-que-e-forma-em-musica\/","name":"O que \u00e9 forma em m\u00fasica? - Blog Souza Lima","isPartOf":{"@id":"https:\/\/souzalima.com.br\/blog\/#website"},"primaryImageOfPage":{"@id":"https:\/\/souzalima.com.br\/blog\/o-que-e-forma-em-musica\/#primaryimage"},"image":{"@id":"https:\/\/souzalima.com.br\/blog\/o-que-e-forma-em-musica\/#primaryimage"},"thumbnailUrl":"https:\/\/souzalima.com.br\/blog\/wp-content\/uploads\/2024\/09\/lihas-suplementares-1.webp","datePublished":"2020-08-18T00:18:30+00:00","dateModified":"2024-09-26T00:20:08+00:00","breadcrumb":{"@id":"https:\/\/souzalima.com.br\/blog\/o-que-e-forma-em-musica\/#breadcrumb"},"inLanguage":"pt-BR","potentialAction":[{"@type":"ReadAction","target":["https:\/\/souzalima.com.br\/blog\/o-que-e-forma-em-musica\/"]}]},{"@type":"ImageObject","inLanguage":"pt-BR","@id":"https:\/\/souzalima.com.br\/blog\/o-que-e-forma-em-musica\/#primaryimage","url":"https:\/\/souzalima.com.br\/blog\/wp-content\/uploads\/2024\/09\/lihas-suplementares-1.webp","contentUrl":"https:\/\/souzalima.com.br\/blog\/wp-content\/uploads\/2024\/09\/lihas-suplementares-1.webp","width":696,"height":522},{"@type":"BreadcrumbList","@id":"https:\/\/souzalima.com.br\/blog\/o-que-e-forma-em-musica\/#breadcrumb","itemListElement":[{"@type":"ListItem","position":1,"name":"In\u00edcio","item":"https:\/\/souzalima.com.br\/blog\/"},{"@type":"ListItem","position":2,"name":"O que \u00e9 forma em m\u00fasica?"}]},{"@type":"WebSite","@id":"https:\/\/souzalima.com.br\/blog\/#website","url":"https:\/\/souzalima.com.br\/blog\/","name":"Blog Souza Lima","description":"Descubra o universo musical com o Blog Souza Lima! ","publisher":{"@id":"https:\/\/souzalima.com.br\/blog\/#organization"},"potentialAction":[{"@type":"SearchAction","target":{"@type":"EntryPoint","urlTemplate":"https:\/\/souzalima.com.br\/blog\/?s={search_term_string}"},"query-input":{"@type":"PropertyValueSpecification","valueRequired":true,"valueName":"search_term_string"}}],"inLanguage":"pt-BR"},{"@type":"Organization","@id":"https:\/\/souzalima.com.br\/blog\/#organization","name":"Blog Souza Lima","url":"https:\/\/souzalima.com.br\/blog\/","logo":{"@type":"ImageObject","inLanguage":"pt-BR","@id":"https:\/\/souzalima.com.br\/blog\/#\/schema\/logo\/image\/","url":"https:\/\/souzalima.com.br\/blog\/wp-content\/uploads\/2024\/04\/logo-blog-escuro.png","contentUrl":"https:\/\/souzalima.com.br\/blog\/wp-content\/uploads\/2024\/04\/logo-blog-escuro.png","width":700,"height":360,"caption":"Blog Souza Lima"},"image":{"@id":"https:\/\/souzalima.com.br\/blog\/#\/schema\/logo\/image\/"},"sameAs":["https:\/\/www.facebook.com\/souzalimaoficial","https:\/\/www.instagram.com\/souzalimaoficial\/","https:\/\/www.tiktok.com\/@souzalimaoficial"]},{"@type":"Person","@id":"https:\/\/souzalima.com.br\/blog\/#\/schema\/person\/f6aad8444e58fb11121a921b22bed6ae","name":"Jo\u00e3o Marcondes","image":{"@type":"ImageObject","inLanguage":"pt-BR","@id":"https:\/\/secure.gravatar.com\/avatar\/9ceaf49983887d9fed6c838ba33a97c89f1e3f2836978af414e1b7cf88be2678?s=96&d=mm&r=g","url":"https:\/\/secure.gravatar.com\/avatar\/9ceaf49983887d9fed6c838ba33a97c89f1e3f2836978af414e1b7cf88be2678?s=96&d=mm&r=g","contentUrl":"https:\/\/secure.gravatar.com\/avatar\/9ceaf49983887d9fed6c838ba33a97c89f1e3f2836978af414e1b7cf88be2678?s=96&d=mm&r=g","caption":"Jo\u00e3o Marcondes"},"url":"https:\/\/souzalima.com.br\/blog\/author\/joao\/"}]}},"_links":{"self":[{"href":"https:\/\/souzalima.com.br\/blog\/wp-json\/wp\/v2\/posts\/20965","targetHints":{"allow":["GET"]}}],"collection":[{"href":"https:\/\/souzalima.com.br\/blog\/wp-json\/wp\/v2\/posts"}],"about":[{"href":"https:\/\/souzalima.com.br\/blog\/wp-json\/wp\/v2\/types\/post"}],"author":[{"embeddable":true,"href":"https:\/\/souzalima.com.br\/blog\/wp-json\/wp\/v2\/users\/3"}],"replies":[{"embeddable":true,"href":"https:\/\/souzalima.com.br\/blog\/wp-json\/wp\/v2\/comments?post=20965"}],"version-history":[{"count":1,"href":"https:\/\/souzalima.com.br\/blog\/wp-json\/wp\/v2\/posts\/20965\/revisions"}],"predecessor-version":[{"id":20966,"href":"https:\/\/souzalima.com.br\/blog\/wp-json\/wp\/v2\/posts\/20965\/revisions\/20966"}],"wp:featuredmedia":[{"embeddable":true,"href":"https:\/\/souzalima.com.br\/blog\/wp-json\/wp\/v2\/media\/20877"}],"wp:attachment":[{"href":"https:\/\/souzalima.com.br\/blog\/wp-json\/wp\/v2\/media?parent=20965"}],"wp:term":[{"taxonomy":"category","embeddable":true,"href":"https:\/\/souzalima.com.br\/blog\/wp-json\/wp\/v2\/categories?post=20965"},{"taxonomy":"post_tag","embeddable":true,"href":"https:\/\/souzalima.com.br\/blog\/wp-json\/wp\/v2\/tags?post=20965"}],"curies":[{"name":"wp","href":"https:\/\/api.w.org\/{rel}","templated":true}]}}