{"id":20891,"date":"2020-06-19T10:05:02","date_gmt":"2020-06-19T13:05:02","guid":{"rendered":"https:\/\/souzalima.com.br\/blog\/?p=20891"},"modified":"2024-09-25T10:07:00","modified_gmt":"2024-09-25T13:07:00","slug":"o-que-e-grade-em-musica","status":"publish","type":"post","link":"https:\/\/souzalima.com.br\/blog\/o-que-e-grade-em-musica\/","title":{"rendered":"O que \u00e9 Grade em M\u00fasica?"},"content":{"rendered":"<p>Uma das d\u00favidas que tem surgido entre nossos leitores, e que chegam atrav\u00e9s da pesquisa do BLOG, \u00e9 sobre o conceito de Grade ! Mas afinal: O que \u00e9 grade em m\u00fasica?<\/p>\n<p>Tratamos de certo modo esse assunto no Infogr\u00e1fico de Altura. J\u00e1 chegou a ele? <a href=\"https:\/\/souzalima.com.br\/blog\/o-que-e-altura-em-musica\/\">Verifique aqui!<\/a><\/p>\n<p><em><strong>Mas vamos l\u00e1:<\/strong><\/em><\/p>\n<h2>Grade \u00e9 uma partitura guia que re\u00fane os instrumentos de um determinado agrupamento musical.<\/h2>\n<p>A grade orquestral, por exemplo, re\u00fane os instrumentos que comp\u00f5e a estrutura musical do agrupamento orquestra, logicamente. A coral re\u00fane as vozes que comp\u00f5e a obra vocal. E assim sucessivamente.<\/p>\n<p>Ocorre que a grade possui regras, e sobre elas que vamos falar:<\/p>\n<ol>\n<li>As grades est\u00e3o alinhadas de acordo com a altura. Por exemplo: se h\u00e1 quatro pautas, o instrumento mais grave ser\u00e1 a \u00faltima pauta, o maios agudo a primeira, seguindo a ordena\u00e7\u00e3o por tessitura instrumental ou vocal. Mas h\u00e1 exce\u00e7\u00f5es!<\/li>\n<\/ol>\n<p><em><strong>Vai organizar uma grade vocal?<\/strong><\/em><\/p>\n<p>A voz soprano, feminina ser\u00e1 a primeira pauta. A segunda pauta caber\u00e1 a contralto. A terceira ao tenor, e a \u00faltima ao baixo.<\/p>\n<p><em><strong>O mesmo ocorre a uma orquestra?<\/strong><\/em><\/p>\n<p>N\u00e3o. Uma orquestra organiza suas grades de acordo com as fam\u00edlias do agrupamento \u2013 cordas, madeiras, metais, e percuss\u00e3o. E se houver um solista ser\u00e1 a primeira pauta da grade, como em um concerto solo, por exemplo.<\/p>\n<p>A organiza\u00e7\u00e3o do solista como a primeira pauta otimiza a visualiza\u00e7\u00e3o do Regente em sua a\u00e7\u00e3o interpretativa.<\/p>\n<p><em><strong>E como isso interfere na composi\u00e7\u00e3o?<\/strong><\/em><\/p>\n<p>H\u00e1 na biografia de W.A. Mozart uma cita\u00e7\u00e3o de que o autor desprezada grades. Compunha livremente as vozes diretas para cada instrumento. Fato, a grade auxilia na observa\u00e7\u00e3o e consolida\u00e7\u00e3o de uma composi\u00e7\u00e3o musical. Aperfei\u00e7oa a visualiza\u00e7\u00e3o das vozes para a orquestra\u00e7\u00e3o ou arranjo.<\/p>\n<p>Em si n\u00e3o \u00e9 primordial organizar uma composi\u00e7\u00e3o desse modo, mas ao faz\u00ea-la identifica-se pontos de aproxima\u00e7\u00e3o e consolida\u00e7\u00e3o da obra musical.<\/p>\n<p>Entendeu o que s\u00e3o grades musicais?<\/p>\n<p>Esse assunto est\u00e1 nas pr\u00e1ticas de composi\u00e7\u00e3o, organologia e arranjo!<\/p>\n<h2><strong>#VemProSouzaLima<\/strong><\/h2>\n","protected":false},"excerpt":{"rendered":"<p>Uma das d\u00favidas que tem surgido entre nossos leitores, e que chegam atrav\u00e9s da pesquisa do BLOG, \u00e9 sobre o conceito de Grade ! Mas afinal: O que \u00e9 grade em m\u00fasica? Tratamos de certo modo esse assunto no Infogr\u00e1fico de Altura. J\u00e1 chegou a&#8230;<\/p>\n","protected":false},"author":3,"featured_media":20892,"comment_status":"open","ping_status":"open","sticky":false,"template":"","format":"standard","meta":{"footnotes":""},"categories":[12,388],"tags":[115,368,7,615],"class_list":["post-20891","post","type-post","status-publish","format-standard","has-post-thumbnail","hentry","category-estudo","category-glossario","tag-blog-souza-lima","tag-destaques","tag-joao-marcondes","tag-o-que-e-grade-em-musica"],"yoast_head":"<!-- This site is optimized with the Yoast SEO plugin v27.2 - https:\/\/yoast.com\/product\/yoast-seo-wordpress\/ -->\n<title>O que \u00e9 Grade em M\u00fasica? - Blog Souza Lima<\/title>\n<meta name=\"robots\" content=\"index, follow, max-snippet:-1, max-image-preview:large, max-video-preview:-1\" \/>\n<link rel=\"canonical\" href=\"https:\/\/souzalima.com.br\/blog\/o-que-e-grade-em-musica\/\" \/>\n<meta property=\"og:locale\" content=\"pt_BR\" \/>\n<meta property=\"og:type\" content=\"article\" \/>\n<meta property=\"og:title\" content=\"O que \u00e9 Grade em M\u00fasica? - Blog Souza Lima\" \/>\n<meta property=\"og:description\" content=\"Uma das d\u00favidas que tem surgido entre nossos leitores, e que chegam atrav\u00e9s da pesquisa do BLOG, \u00e9 sobre o conceito de Grade ! Mas afinal: O que \u00e9 grade em m\u00fasica? Tratamos de certo modo esse assunto no Infogr\u00e1fico de Altura. J\u00e1 chegou a...\" \/>\n<meta property=\"og:url\" content=\"https:\/\/souzalima.com.br\/blog\/o-que-e-grade-em-musica\/\" \/>\n<meta property=\"og:site_name\" content=\"Blog Souza Lima\" \/>\n<meta property=\"article:publisher\" content=\"https:\/\/www.facebook.com\/souzalimaoficial\" \/>\n<meta property=\"article:published_time\" content=\"2020-06-19T13:05:02+00:00\" \/>\n<meta property=\"article:modified_time\" content=\"2024-09-25T13:07:00+00:00\" \/>\n<meta property=\"og:image\" content=\"https:\/\/souzalima.com.br\/blog\/wp-content\/uploads\/2024\/09\/grade.webp\" \/>\n\t<meta property=\"og:image:width\" content=\"696\" \/>\n\t<meta property=\"og:image:height\" content=\"522\" \/>\n\t<meta property=\"og:image:type\" content=\"image\/webp\" \/>\n<meta name=\"author\" content=\"Jo\u00e3o Marcondes\" \/>\n<meta name=\"twitter:card\" content=\"summary_large_image\" \/>\n<meta name=\"twitter:label1\" content=\"Escrito por\" \/>\n\t<meta name=\"twitter:data1\" content=\"Jo\u00e3o Marcondes\" \/>\n\t<meta name=\"twitter:label2\" content=\"Est. tempo de leitura\" \/>\n\t<meta name=\"twitter:data2\" content=\"2 minutos\" \/>\n<script type=\"application\/ld+json\" class=\"yoast-schema-graph\">{\"@context\":\"https:\/\/schema.org\",\"@graph\":[{\"@type\":\"Article\",\"@id\":\"https:\/\/souzalima.com.br\/blog\/o-que-e-grade-em-musica\/#article\",\"isPartOf\":{\"@id\":\"https:\/\/souzalima.com.br\/blog\/o-que-e-grade-em-musica\/\"},\"author\":{\"name\":\"Jo\u00e3o Marcondes\",\"@id\":\"https:\/\/souzalima.com.br\/blog\/#\/schema\/person\/f6aad8444e58fb11121a921b22bed6ae\"},\"headline\":\"O que \u00e9 Grade em M\u00fasica?\",\"datePublished\":\"2020-06-19T13:05:02+00:00\",\"dateModified\":\"2024-09-25T13:07:00+00:00\",\"mainEntityOfPage\":{\"@id\":\"https:\/\/souzalima.com.br\/blog\/o-que-e-grade-em-musica\/\"},\"wordCount\":358,\"commentCount\":0,\"publisher\":{\"@id\":\"https:\/\/souzalima.com.br\/blog\/#organization\"},\"image\":{\"@id\":\"https:\/\/souzalima.com.br\/blog\/o-que-e-grade-em-musica\/#primaryimage\"},\"thumbnailUrl\":\"https:\/\/souzalima.com.br\/blog\/wp-content\/uploads\/2024\/09\/grade.webp\",\"keywords\":[\"blog souza lima\",\"destaques\",\"jo\u00e3o marcondes\",\"o que \u00e9 grade em m\u00fasica\"],\"articleSection\":[\"Estudo\",\"Gloss\u00e1rio\"],\"inLanguage\":\"pt-BR\",\"potentialAction\":[{\"@type\":\"CommentAction\",\"name\":\"Comment\",\"target\":[\"https:\/\/souzalima.com.br\/blog\/o-que-e-grade-em-musica\/#respond\"]}]},{\"@type\":\"WebPage\",\"@id\":\"https:\/\/souzalima.com.br\/blog\/o-que-e-grade-em-musica\/\",\"url\":\"https:\/\/souzalima.com.br\/blog\/o-que-e-grade-em-musica\/\",\"name\":\"O que \u00e9 Grade em M\u00fasica? - Blog Souza Lima\",\"isPartOf\":{\"@id\":\"https:\/\/souzalima.com.br\/blog\/#website\"},\"primaryImageOfPage\":{\"@id\":\"https:\/\/souzalima.com.br\/blog\/o-que-e-grade-em-musica\/#primaryimage\"},\"image\":{\"@id\":\"https:\/\/souzalima.com.br\/blog\/o-que-e-grade-em-musica\/#primaryimage\"},\"thumbnailUrl\":\"https:\/\/souzalima.com.br\/blog\/wp-content\/uploads\/2024\/09\/grade.webp\",\"datePublished\":\"2020-06-19T13:05:02+00:00\",\"dateModified\":\"2024-09-25T13:07:00+00:00\",\"breadcrumb\":{\"@id\":\"https:\/\/souzalima.com.br\/blog\/o-que-e-grade-em-musica\/#breadcrumb\"},\"inLanguage\":\"pt-BR\",\"potentialAction\":[{\"@type\":\"ReadAction\",\"target\":[\"https:\/\/souzalima.com.br\/blog\/o-que-e-grade-em-musica\/\"]}]},{\"@type\":\"ImageObject\",\"inLanguage\":\"pt-BR\",\"@id\":\"https:\/\/souzalima.com.br\/blog\/o-que-e-grade-em-musica\/#primaryimage\",\"url\":\"https:\/\/souzalima.com.br\/blog\/wp-content\/uploads\/2024\/09\/grade.webp\",\"contentUrl\":\"https:\/\/souzalima.com.br\/blog\/wp-content\/uploads\/2024\/09\/grade.webp\",\"width\":696,\"height\":522},{\"@type\":\"BreadcrumbList\",\"@id\":\"https:\/\/souzalima.com.br\/blog\/o-que-e-grade-em-musica\/#breadcrumb\",\"itemListElement\":[{\"@type\":\"ListItem\",\"position\":1,\"name\":\"In\u00edcio\",\"item\":\"https:\/\/souzalima.com.br\/blog\/\"},{\"@type\":\"ListItem\",\"position\":2,\"name\":\"O que \u00e9 Grade em M\u00fasica?\"}]},{\"@type\":\"WebSite\",\"@id\":\"https:\/\/souzalima.com.br\/blog\/#website\",\"url\":\"https:\/\/souzalima.com.br\/blog\/\",\"name\":\"Blog Souza Lima\",\"description\":\"Descubra o universo musical com o Blog Souza Lima! \",\"publisher\":{\"@id\":\"https:\/\/souzalima.com.br\/blog\/#organization\"},\"potentialAction\":[{\"@type\":\"SearchAction\",\"target\":{\"@type\":\"EntryPoint\",\"urlTemplate\":\"https:\/\/souzalima.com.br\/blog\/?s={search_term_string}\"},\"query-input\":{\"@type\":\"PropertyValueSpecification\",\"valueRequired\":true,\"valueName\":\"search_term_string\"}}],\"inLanguage\":\"pt-BR\"},{\"@type\":\"Organization\",\"@id\":\"https:\/\/souzalima.com.br\/blog\/#organization\",\"name\":\"Blog Souza Lima\",\"url\":\"https:\/\/souzalima.com.br\/blog\/\",\"logo\":{\"@type\":\"ImageObject\",\"inLanguage\":\"pt-BR\",\"@id\":\"https:\/\/souzalima.com.br\/blog\/#\/schema\/logo\/image\/\",\"url\":\"https:\/\/souzalima.com.br\/blog\/wp-content\/uploads\/2024\/04\/logo-blog-escuro.png\",\"contentUrl\":\"https:\/\/souzalima.com.br\/blog\/wp-content\/uploads\/2024\/04\/logo-blog-escuro.png\",\"width\":700,\"height\":360,\"caption\":\"Blog Souza Lima\"},\"image\":{\"@id\":\"https:\/\/souzalima.com.br\/blog\/#\/schema\/logo\/image\/\"},\"sameAs\":[\"https:\/\/www.facebook.com\/souzalimaoficial\",\"https:\/\/www.instagram.com\/souzalimaoficial\/\",\"https:\/\/www.tiktok.com\/@souzalimaoficial\"]},{\"@type\":\"Person\",\"@id\":\"https:\/\/souzalima.com.br\/blog\/#\/schema\/person\/f6aad8444e58fb11121a921b22bed6ae\",\"name\":\"Jo\u00e3o Marcondes\",\"image\":{\"@type\":\"ImageObject\",\"inLanguage\":\"pt-BR\",\"@id\":\"https:\/\/secure.gravatar.com\/avatar\/9ceaf49983887d9fed6c838ba33a97c89f1e3f2836978af414e1b7cf88be2678?s=96&d=mm&r=g\",\"url\":\"https:\/\/secure.gravatar.com\/avatar\/9ceaf49983887d9fed6c838ba33a97c89f1e3f2836978af414e1b7cf88be2678?s=96&d=mm&r=g\",\"contentUrl\":\"https:\/\/secure.gravatar.com\/avatar\/9ceaf49983887d9fed6c838ba33a97c89f1e3f2836978af414e1b7cf88be2678?s=96&d=mm&r=g\",\"caption\":\"Jo\u00e3o Marcondes\"},\"url\":\"https:\/\/souzalima.com.br\/blog\/author\/joao\/\"}]}<\/script>\n<!-- \/ Yoast SEO plugin. -->","yoast_head_json":{"title":"O que \u00e9 Grade em M\u00fasica? - Blog Souza Lima","robots":{"index":"index","follow":"follow","max-snippet":"max-snippet:-1","max-image-preview":"max-image-preview:large","max-video-preview":"max-video-preview:-1"},"canonical":"https:\/\/souzalima.com.br\/blog\/o-que-e-grade-em-musica\/","og_locale":"pt_BR","og_type":"article","og_title":"O que \u00e9 Grade em M\u00fasica? - Blog Souza Lima","og_description":"Uma das d\u00favidas que tem surgido entre nossos leitores, e que chegam atrav\u00e9s da pesquisa do BLOG, \u00e9 sobre o conceito de Grade ! Mas afinal: O que \u00e9 grade em m\u00fasica? Tratamos de certo modo esse assunto no Infogr\u00e1fico de Altura. J\u00e1 chegou a...","og_url":"https:\/\/souzalima.com.br\/blog\/o-que-e-grade-em-musica\/","og_site_name":"Blog Souza Lima","article_publisher":"https:\/\/www.facebook.com\/souzalimaoficial","article_published_time":"2020-06-19T13:05:02+00:00","article_modified_time":"2024-09-25T13:07:00+00:00","og_image":[{"width":696,"height":522,"url":"https:\/\/souzalima.com.br\/blog\/wp-content\/uploads\/2024\/09\/grade.webp","type":"image\/webp"}],"author":"Jo\u00e3o Marcondes","twitter_card":"summary_large_image","twitter_misc":{"Escrito por":"Jo\u00e3o Marcondes","Est. tempo de leitura":"2 minutos"},"schema":{"@context":"https:\/\/schema.org","@graph":[{"@type":"Article","@id":"https:\/\/souzalima.com.br\/blog\/o-que-e-grade-em-musica\/#article","isPartOf":{"@id":"https:\/\/souzalima.com.br\/blog\/o-que-e-grade-em-musica\/"},"author":{"name":"Jo\u00e3o Marcondes","@id":"https:\/\/souzalima.com.br\/blog\/#\/schema\/person\/f6aad8444e58fb11121a921b22bed6ae"},"headline":"O que \u00e9 Grade em M\u00fasica?","datePublished":"2020-06-19T13:05:02+00:00","dateModified":"2024-09-25T13:07:00+00:00","mainEntityOfPage":{"@id":"https:\/\/souzalima.com.br\/blog\/o-que-e-grade-em-musica\/"},"wordCount":358,"commentCount":0,"publisher":{"@id":"https:\/\/souzalima.com.br\/blog\/#organization"},"image":{"@id":"https:\/\/souzalima.com.br\/blog\/o-que-e-grade-em-musica\/#primaryimage"},"thumbnailUrl":"https:\/\/souzalima.com.br\/blog\/wp-content\/uploads\/2024\/09\/grade.webp","keywords":["blog souza lima","destaques","jo\u00e3o marcondes","o que \u00e9 grade em m\u00fasica"],"articleSection":["Estudo","Gloss\u00e1rio"],"inLanguage":"pt-BR","potentialAction":[{"@type":"CommentAction","name":"Comment","target":["https:\/\/souzalima.com.br\/blog\/o-que-e-grade-em-musica\/#respond"]}]},{"@type":"WebPage","@id":"https:\/\/souzalima.com.br\/blog\/o-que-e-grade-em-musica\/","url":"https:\/\/souzalima.com.br\/blog\/o-que-e-grade-em-musica\/","name":"O que \u00e9 Grade em M\u00fasica? - Blog Souza Lima","isPartOf":{"@id":"https:\/\/souzalima.com.br\/blog\/#website"},"primaryImageOfPage":{"@id":"https:\/\/souzalima.com.br\/blog\/o-que-e-grade-em-musica\/#primaryimage"},"image":{"@id":"https:\/\/souzalima.com.br\/blog\/o-que-e-grade-em-musica\/#primaryimage"},"thumbnailUrl":"https:\/\/souzalima.com.br\/blog\/wp-content\/uploads\/2024\/09\/grade.webp","datePublished":"2020-06-19T13:05:02+00:00","dateModified":"2024-09-25T13:07:00+00:00","breadcrumb":{"@id":"https:\/\/souzalima.com.br\/blog\/o-que-e-grade-em-musica\/#breadcrumb"},"inLanguage":"pt-BR","potentialAction":[{"@type":"ReadAction","target":["https:\/\/souzalima.com.br\/blog\/o-que-e-grade-em-musica\/"]}]},{"@type":"ImageObject","inLanguage":"pt-BR","@id":"https:\/\/souzalima.com.br\/blog\/o-que-e-grade-em-musica\/#primaryimage","url":"https:\/\/souzalima.com.br\/blog\/wp-content\/uploads\/2024\/09\/grade.webp","contentUrl":"https:\/\/souzalima.com.br\/blog\/wp-content\/uploads\/2024\/09\/grade.webp","width":696,"height":522},{"@type":"BreadcrumbList","@id":"https:\/\/souzalima.com.br\/blog\/o-que-e-grade-em-musica\/#breadcrumb","itemListElement":[{"@type":"ListItem","position":1,"name":"In\u00edcio","item":"https:\/\/souzalima.com.br\/blog\/"},{"@type":"ListItem","position":2,"name":"O que \u00e9 Grade em M\u00fasica?"}]},{"@type":"WebSite","@id":"https:\/\/souzalima.com.br\/blog\/#website","url":"https:\/\/souzalima.com.br\/blog\/","name":"Blog Souza Lima","description":"Descubra o universo musical com o Blog Souza Lima! ","publisher":{"@id":"https:\/\/souzalima.com.br\/blog\/#organization"},"potentialAction":[{"@type":"SearchAction","target":{"@type":"EntryPoint","urlTemplate":"https:\/\/souzalima.com.br\/blog\/?s={search_term_string}"},"query-input":{"@type":"PropertyValueSpecification","valueRequired":true,"valueName":"search_term_string"}}],"inLanguage":"pt-BR"},{"@type":"Organization","@id":"https:\/\/souzalima.com.br\/blog\/#organization","name":"Blog Souza Lima","url":"https:\/\/souzalima.com.br\/blog\/","logo":{"@type":"ImageObject","inLanguage":"pt-BR","@id":"https:\/\/souzalima.com.br\/blog\/#\/schema\/logo\/image\/","url":"https:\/\/souzalima.com.br\/blog\/wp-content\/uploads\/2024\/04\/logo-blog-escuro.png","contentUrl":"https:\/\/souzalima.com.br\/blog\/wp-content\/uploads\/2024\/04\/logo-blog-escuro.png","width":700,"height":360,"caption":"Blog Souza Lima"},"image":{"@id":"https:\/\/souzalima.com.br\/blog\/#\/schema\/logo\/image\/"},"sameAs":["https:\/\/www.facebook.com\/souzalimaoficial","https:\/\/www.instagram.com\/souzalimaoficial\/","https:\/\/www.tiktok.com\/@souzalimaoficial"]},{"@type":"Person","@id":"https:\/\/souzalima.com.br\/blog\/#\/schema\/person\/f6aad8444e58fb11121a921b22bed6ae","name":"Jo\u00e3o Marcondes","image":{"@type":"ImageObject","inLanguage":"pt-BR","@id":"https:\/\/secure.gravatar.com\/avatar\/9ceaf49983887d9fed6c838ba33a97c89f1e3f2836978af414e1b7cf88be2678?s=96&d=mm&r=g","url":"https:\/\/secure.gravatar.com\/avatar\/9ceaf49983887d9fed6c838ba33a97c89f1e3f2836978af414e1b7cf88be2678?s=96&d=mm&r=g","contentUrl":"https:\/\/secure.gravatar.com\/avatar\/9ceaf49983887d9fed6c838ba33a97c89f1e3f2836978af414e1b7cf88be2678?s=96&d=mm&r=g","caption":"Jo\u00e3o Marcondes"},"url":"https:\/\/souzalima.com.br\/blog\/author\/joao\/"}]}},"_links":{"self":[{"href":"https:\/\/souzalima.com.br\/blog\/wp-json\/wp\/v2\/posts\/20891","targetHints":{"allow":["GET"]}}],"collection":[{"href":"https:\/\/souzalima.com.br\/blog\/wp-json\/wp\/v2\/posts"}],"about":[{"href":"https:\/\/souzalima.com.br\/blog\/wp-json\/wp\/v2\/types\/post"}],"author":[{"embeddable":true,"href":"https:\/\/souzalima.com.br\/blog\/wp-json\/wp\/v2\/users\/3"}],"replies":[{"embeddable":true,"href":"https:\/\/souzalima.com.br\/blog\/wp-json\/wp\/v2\/comments?post=20891"}],"version-history":[{"count":1,"href":"https:\/\/souzalima.com.br\/blog\/wp-json\/wp\/v2\/posts\/20891\/revisions"}],"predecessor-version":[{"id":20893,"href":"https:\/\/souzalima.com.br\/blog\/wp-json\/wp\/v2\/posts\/20891\/revisions\/20893"}],"wp:featuredmedia":[{"embeddable":true,"href":"https:\/\/souzalima.com.br\/blog\/wp-json\/wp\/v2\/media\/20892"}],"wp:attachment":[{"href":"https:\/\/souzalima.com.br\/blog\/wp-json\/wp\/v2\/media?parent=20891"}],"wp:term":[{"taxonomy":"category","embeddable":true,"href":"https:\/\/souzalima.com.br\/blog\/wp-json\/wp\/v2\/categories?post=20891"},{"taxonomy":"post_tag","embeddable":true,"href":"https:\/\/souzalima.com.br\/blog\/wp-json\/wp\/v2\/tags?post=20891"}],"curies":[{"name":"wp","href":"https:\/\/api.w.org\/{rel}","templated":true}]}}