{"id":20791,"date":"2020-04-13T08:28:45","date_gmt":"2020-04-13T11:28:45","guid":{"rendered":"https:\/\/souzalima.com.br\/blog\/?p=20791"},"modified":"2024-09-25T08:30:43","modified_gmt":"2024-09-25T11:30:43","slug":"historia-da-musica-brasileira-introducao","status":"publish","type":"post","link":"https:\/\/souzalima.com.br\/blog\/historia-da-musica-brasileira-introducao\/","title":{"rendered":"Hist\u00f3ria da M\u00fasica Brasileira \u2013 Introdu\u00e7\u00e3o"},"content":{"rendered":"<h2 class=\"x_MsoNormal\">Para consolidar a informa\u00e7\u00e3o e apresentar um conhecimento aplicado cobrindo importante lacuna da educa\u00e7\u00e3o musical, eu Professor Jo\u00e3o Marcondes atrav\u00e9s do BLOG Souza Lima, apresento a s\u00e9rie Infogr\u00e1ficos da Hist\u00f3ria da M\u00fasica Brasileira.<\/h2>\n<h2>Infogr\u00e1ficos<\/h2>\n<p class=\"x_MsoNormal\">A hist\u00f3ria da m\u00fasica em uma visualiza\u00e7\u00e3o que aperfei\u00e7oa a compreens\u00e3o do estudante.<\/p>\n<p class=\"x_MsoNormal\">Dos prim\u00f3rdios da forma\u00e7\u00e3o da cultura musical do Brasil, da coloniza\u00e7\u00e3o e atua\u00e7\u00e3o dos jesu\u00edtas na alfabetiza\u00e7\u00e3o e catequiza\u00e7\u00e3o dos nativos brasileiros, a vinda da corte de Dom Jo\u00e3o VI \u2013 que transformou o Brasil em centro do imp\u00e9rio de Portugal; para o desenvolvimento e surgimento do mercado fonogr\u00e1fico e seus principais personagens no que consiste a forma\u00e7\u00e3o do fazer musical brasileiro.<\/p>\n<p class=\"x_MsoNormal\">Inicialmente em quatro partes: introdu\u00e7\u00e3o, primeiro, segundo e terceiro infogr\u00e1fico.<\/p>\n<h2>Disserta\u00e7\u00e3o de mestrado<\/h2>\n<p>S\u00f3 foi poss\u00edvel realizar este projeto pelo embasamento e constru\u00e7\u00e3o interdisciplinar oferecida no mestrado em <strong>Educa\u00e7\u00e3o, Arte e Hist\u00f3ria da Cultura<\/strong>, que conclu\u00ed em 2009, sob orienta\u00e7\u00e3o do Professor <strong>Doutor Arnaldo Daraya Contier<\/strong>.<\/p>\n<p>A disserta\u00e7\u00e3o <strong>\u201cFonograma: transforma\u00e7\u00f5es hist\u00f3rico culturais e tend\u00eancias tecnol\u00f3gicas no mercado da m\u00fasica popular brasileira\u201d<\/strong> encontra-se dispon\u00edvel na internet para download gratuito, e est\u00e1 encaminhada a vers\u00e3o em livro, com publica\u00e7\u00e3o planejada para 2020.<\/p>\n<p class=\"x_MsoNormal\">Voc\u00ea sabia da atua\u00e7\u00e3o dos Jesu\u00edtas? Do barroco tardio brasileiro? Do maior operista das Am\u00e9ricas: Ant\u00f4nio de Carlos Gomes? Do que \u00e9 o Entrudo \u2013 o carnaval de antigamente? A presen\u00e7a do Teatro Revista a partir de 1859? E da figura que inaugurou o mercado fonogr\u00e1fico brasileiro? Frederico Figner \u2013 o patrono da grava\u00e7\u00e3o no Brasil?<\/p>\n<p><iframe loading=\"lazy\" title=\"BREJEIRO - BANDA DO CORPO DE BOMBEIROS\" src=\"https:\/\/www.youtube.com\/embed\/rhBOccqPnOw?feature=oembed\" width=\"100%\" height=\"522\" frameborder=\"0\" allowfullscreen=\"allowfullscreen\" data-mce-fragment=\"1\"><\/iframe><\/p>\n<h2 class=\"x_MsoNormal\">Acompanhe aqui mesmo em nosso blog!<\/h2>\n<p>Posteriormente a esta s\u00e9rie vir\u00e3o outras com conhecimento completo, e que comp\u00f5e o livro \u201cPequena Hist\u00f3ria da M\u00fasica Brasileira\u201d, que ser\u00e1 tamb\u00e9m publicado em 2020.<\/p>\n<p>Claro que para um aprendizado pleno \u00e9 preciso de audi\u00e7\u00e3o \u2013 procure as refer\u00eancias na internet, youtube, muito j\u00e1 h\u00e1. E o que n\u00e3o houver entre em contato que terei prazer em ajudar com algumas pitadas nesta publica\u00e7\u00e3o.<\/p>\n<h2>Vamos em frente aprendendo mais sobre a Hist\u00f3ria da M\u00fasica Brasileira! Aprecie o infogr\u00e1fico!<\/h2>\n<p><img loading=\"lazy\" decoding=\"async\" class=\"aligncenter size-full wp-image-18160 td-animation-stack-type0-2\" src=\"https:\/\/i0.wp.com\/www.blogsouzalima.com.br\/wp-content\/uploads\/2020\/04\/Design-sem-nome-1.png?resize=696%2C1740&amp;ssl=1\" sizes=\"auto, (max-width: 696px) 100vw, 696px\" srcset=\"https:\/\/i0.wp.com\/blogsouzalima.com.br\/wp-content\/uploads\/2020\/04\/Design-sem-nome-1.png?w=800&amp;ssl=1 800w, https:\/\/i0.wp.com\/blogsouzalima.com.br\/wp-content\/uploads\/2020\/04\/Design-sem-nome-1.png?resize=120%2C300&amp;ssl=1 120w, https:\/\/i0.wp.com\/blogsouzalima.com.br\/wp-content\/uploads\/2020\/04\/Design-sem-nome-1.png?resize=410%2C1024&amp;ssl=1 410w, https:\/\/i0.wp.com\/blogsouzalima.com.br\/wp-content\/uploads\/2020\/04\/Design-sem-nome-1.png?resize=768%2C1920&amp;ssl=1 768w, https:\/\/i0.wp.com\/blogsouzalima.com.br\/wp-content\/uploads\/2020\/04\/Design-sem-nome-1.png?resize=614%2C1536&amp;ssl=1 614w, https:\/\/i0.wp.com\/blogsouzalima.com.br\/wp-content\/uploads\/2020\/04\/Design-sem-nome-1.png?resize=696%2C1740&amp;ssl=1 696w, https:\/\/i0.wp.com\/blogsouzalima.com.br\/wp-content\/uploads\/2020\/04\/Design-sem-nome-1.png?resize=168%2C420&amp;ssl=1 168w\" alt=\"\" width=\"696\" height=\"1740\" data-recalc-dims=\"1\" \/><\/p>\n<p><strong>#VemProSouzaLima<\/strong><\/p>\n<p><a href=\"https:\/\/www.blogsouzalima.com.br\/historia-da-musica-brasileira-parte-1-3\/\">Continua aqui\u2026<\/a><\/p>\n<p><strong>Publicado originalmente em 28 de dezembro de 2017, ampliado e revisado em 14 de janeiro de 2020.<\/strong><\/p>\n<p><iframe loading=\"lazy\" title=\"\u00d3 abre alas - Banda da Casa Edison (1913)\" src=\"https:\/\/www.youtube.com\/embed\/Id8cl4nA9ng?feature=oembed\" width=\"100%\" height=\"522\" frameborder=\"0\" allowfullscreen=\"allowfullscreen\" data-mce-fragment=\"1\"><\/iframe><\/p>\n","protected":false},"excerpt":{"rendered":"<p>Para consolidar a informa\u00e7\u00e3o e apresentar um conhecimento aplicado cobrindo importante lacuna da educa\u00e7\u00e3o musical, eu Professor Jo\u00e3o Marcondes atrav\u00e9s do BLOG Souza Lima, apresento a s\u00e9rie Infogr\u00e1ficos da Hist\u00f3ria da M\u00fasica Brasileira. Infogr\u00e1ficos A hist\u00f3ria da m\u00fasica em uma visualiza\u00e7\u00e3o que aperfei\u00e7oa a compreens\u00e3o&#8230;<\/p>\n","protected":false},"author":3,"featured_media":20762,"comment_status":"open","ping_status":"open","sticky":false,"template":"","format":"standard","meta":{"footnotes":""},"categories":[35],"tags":[115,368,575,7],"class_list":["post-20791","post","type-post","status-publish","format-standard","has-post-thumbnail","hentry","category-infograficos","tag-blog-souza-lima","tag-destaques","tag-historia-da-musica-brasileira-introducao","tag-joao-marcondes"],"yoast_head":"<!-- This site is optimized with the Yoast SEO plugin v27.2 - https:\/\/yoast.com\/product\/yoast-seo-wordpress\/ -->\n<title>Hist\u00f3ria da M\u00fasica Brasileira \u2013 Introdu\u00e7\u00e3o - Blog Souza Lima<\/title>\n<meta name=\"robots\" content=\"index, follow, max-snippet:-1, max-image-preview:large, max-video-preview:-1\" \/>\n<link rel=\"canonical\" href=\"https:\/\/souzalima.com.br\/blog\/historia-da-musica-brasileira-introducao\/\" \/>\n<meta property=\"og:locale\" content=\"pt_BR\" \/>\n<meta property=\"og:type\" content=\"article\" \/>\n<meta property=\"og:title\" content=\"Hist\u00f3ria da M\u00fasica Brasileira \u2013 Introdu\u00e7\u00e3o - Blog Souza Lima\" \/>\n<meta property=\"og:description\" content=\"Para consolidar a informa\u00e7\u00e3o e apresentar um conhecimento aplicado cobrindo importante lacuna da educa\u00e7\u00e3o musical, eu Professor Jo\u00e3o Marcondes atrav\u00e9s do BLOG Souza Lima, apresento a s\u00e9rie Infogr\u00e1ficos da Hist\u00f3ria da M\u00fasica Brasileira. Infogr\u00e1ficos A hist\u00f3ria da m\u00fasica em uma visualiza\u00e7\u00e3o que aperfei\u00e7oa a compreens\u00e3o...\" \/>\n<meta property=\"og:url\" content=\"https:\/\/souzalima.com.br\/blog\/historia-da-musica-brasileira-introducao\/\" \/>\n<meta property=\"og:site_name\" content=\"Blog Souza Lima\" \/>\n<meta property=\"article:publisher\" content=\"https:\/\/www.facebook.com\/souzalimaoficial\" \/>\n<meta property=\"article:published_time\" content=\"2020-04-13T11:28:45+00:00\" \/>\n<meta property=\"article:modified_time\" content=\"2024-09-25T11:30:43+00:00\" \/>\n<meta property=\"og:image\" content=\"https:\/\/souzalima.com.br\/blog\/wp-content\/uploads\/2024\/09\/musica-brasileira.webp\" \/>\n\t<meta property=\"og:image:width\" content=\"696\" \/>\n\t<meta property=\"og:image:height\" content=\"522\" \/>\n\t<meta property=\"og:image:type\" content=\"image\/webp\" \/>\n<meta name=\"author\" content=\"Jo\u00e3o Marcondes\" \/>\n<meta name=\"twitter:card\" content=\"summary_large_image\" \/>\n<meta name=\"twitter:label1\" content=\"Escrito por\" \/>\n\t<meta name=\"twitter:data1\" content=\"Jo\u00e3o Marcondes\" \/>\n\t<meta name=\"twitter:label2\" content=\"Est. tempo de leitura\" \/>\n\t<meta name=\"twitter:data2\" content=\"3 minutos\" \/>\n<script type=\"application\/ld+json\" class=\"yoast-schema-graph\">{\"@context\":\"https:\/\/schema.org\",\"@graph\":[{\"@type\":\"Article\",\"@id\":\"https:\/\/souzalima.com.br\/blog\/historia-da-musica-brasileira-introducao\/#article\",\"isPartOf\":{\"@id\":\"https:\/\/souzalima.com.br\/blog\/historia-da-musica-brasileira-introducao\/\"},\"author\":{\"name\":\"Jo\u00e3o Marcondes\",\"@id\":\"https:\/\/souzalima.com.br\/blog\/#\/schema\/person\/f6aad8444e58fb11121a921b22bed6ae\"},\"headline\":\"Hist\u00f3ria da M\u00fasica Brasileira \u2013 Introdu\u00e7\u00e3o\",\"datePublished\":\"2020-04-13T11:28:45+00:00\",\"dateModified\":\"2024-09-25T11:30:43+00:00\",\"mainEntityOfPage\":{\"@id\":\"https:\/\/souzalima.com.br\/blog\/historia-da-musica-brasileira-introducao\/\"},\"wordCount\":404,\"commentCount\":0,\"publisher\":{\"@id\":\"https:\/\/souzalima.com.br\/blog\/#organization\"},\"image\":{\"@id\":\"https:\/\/souzalima.com.br\/blog\/historia-da-musica-brasileira-introducao\/#primaryimage\"},\"thumbnailUrl\":\"https:\/\/souzalima.com.br\/blog\/wp-content\/uploads\/2024\/09\/musica-brasileira.webp\",\"keywords\":[\"blog souza lima\",\"destaques\",\"hist\u00f3ria da m\u00fasica brasileira introdu\u00e7\u00e3o\",\"jo\u00e3o marcondes\"],\"articleSection\":[\"Infogr\u00e1ficos\"],\"inLanguage\":\"pt-BR\",\"potentialAction\":[{\"@type\":\"CommentAction\",\"name\":\"Comment\",\"target\":[\"https:\/\/souzalima.com.br\/blog\/historia-da-musica-brasileira-introducao\/#respond\"]}]},{\"@type\":\"WebPage\",\"@id\":\"https:\/\/souzalima.com.br\/blog\/historia-da-musica-brasileira-introducao\/\",\"url\":\"https:\/\/souzalima.com.br\/blog\/historia-da-musica-brasileira-introducao\/\",\"name\":\"Hist\u00f3ria da M\u00fasica Brasileira \u2013 Introdu\u00e7\u00e3o - Blog Souza Lima\",\"isPartOf\":{\"@id\":\"https:\/\/souzalima.com.br\/blog\/#website\"},\"primaryImageOfPage\":{\"@id\":\"https:\/\/souzalima.com.br\/blog\/historia-da-musica-brasileira-introducao\/#primaryimage\"},\"image\":{\"@id\":\"https:\/\/souzalima.com.br\/blog\/historia-da-musica-brasileira-introducao\/#primaryimage\"},\"thumbnailUrl\":\"https:\/\/souzalima.com.br\/blog\/wp-content\/uploads\/2024\/09\/musica-brasileira.webp\",\"datePublished\":\"2020-04-13T11:28:45+00:00\",\"dateModified\":\"2024-09-25T11:30:43+00:00\",\"breadcrumb\":{\"@id\":\"https:\/\/souzalima.com.br\/blog\/historia-da-musica-brasileira-introducao\/#breadcrumb\"},\"inLanguage\":\"pt-BR\",\"potentialAction\":[{\"@type\":\"ReadAction\",\"target\":[\"https:\/\/souzalima.com.br\/blog\/historia-da-musica-brasileira-introducao\/\"]}]},{\"@type\":\"ImageObject\",\"inLanguage\":\"pt-BR\",\"@id\":\"https:\/\/souzalima.com.br\/blog\/historia-da-musica-brasileira-introducao\/#primaryimage\",\"url\":\"https:\/\/souzalima.com.br\/blog\/wp-content\/uploads\/2024\/09\/musica-brasileira.webp\",\"contentUrl\":\"https:\/\/souzalima.com.br\/blog\/wp-content\/uploads\/2024\/09\/musica-brasileira.webp\",\"width\":696,\"height\":522},{\"@type\":\"BreadcrumbList\",\"@id\":\"https:\/\/souzalima.com.br\/blog\/historia-da-musica-brasileira-introducao\/#breadcrumb\",\"itemListElement\":[{\"@type\":\"ListItem\",\"position\":1,\"name\":\"In\u00edcio\",\"item\":\"https:\/\/souzalima.com.br\/blog\/\"},{\"@type\":\"ListItem\",\"position\":2,\"name\":\"Hist\u00f3ria da M\u00fasica Brasileira \u2013 Introdu\u00e7\u00e3o\"}]},{\"@type\":\"WebSite\",\"@id\":\"https:\/\/souzalima.com.br\/blog\/#website\",\"url\":\"https:\/\/souzalima.com.br\/blog\/\",\"name\":\"Blog Souza Lima\",\"description\":\"Descubra o universo musical com o Blog Souza Lima! \",\"publisher\":{\"@id\":\"https:\/\/souzalima.com.br\/blog\/#organization\"},\"potentialAction\":[{\"@type\":\"SearchAction\",\"target\":{\"@type\":\"EntryPoint\",\"urlTemplate\":\"https:\/\/souzalima.com.br\/blog\/?s={search_term_string}\"},\"query-input\":{\"@type\":\"PropertyValueSpecification\",\"valueRequired\":true,\"valueName\":\"search_term_string\"}}],\"inLanguage\":\"pt-BR\"},{\"@type\":\"Organization\",\"@id\":\"https:\/\/souzalima.com.br\/blog\/#organization\",\"name\":\"Blog Souza Lima\",\"url\":\"https:\/\/souzalima.com.br\/blog\/\",\"logo\":{\"@type\":\"ImageObject\",\"inLanguage\":\"pt-BR\",\"@id\":\"https:\/\/souzalima.com.br\/blog\/#\/schema\/logo\/image\/\",\"url\":\"https:\/\/souzalima.com.br\/blog\/wp-content\/uploads\/2024\/04\/logo-blog-escuro.png\",\"contentUrl\":\"https:\/\/souzalima.com.br\/blog\/wp-content\/uploads\/2024\/04\/logo-blog-escuro.png\",\"width\":700,\"height\":360,\"caption\":\"Blog Souza Lima\"},\"image\":{\"@id\":\"https:\/\/souzalima.com.br\/blog\/#\/schema\/logo\/image\/\"},\"sameAs\":[\"https:\/\/www.facebook.com\/souzalimaoficial\",\"https:\/\/www.instagram.com\/souzalimaoficial\/\",\"https:\/\/www.tiktok.com\/@souzalimaoficial\"]},{\"@type\":\"Person\",\"@id\":\"https:\/\/souzalima.com.br\/blog\/#\/schema\/person\/f6aad8444e58fb11121a921b22bed6ae\",\"name\":\"Jo\u00e3o Marcondes\",\"image\":{\"@type\":\"ImageObject\",\"inLanguage\":\"pt-BR\",\"@id\":\"https:\/\/secure.gravatar.com\/avatar\/9ceaf49983887d9fed6c838ba33a97c89f1e3f2836978af414e1b7cf88be2678?s=96&d=mm&r=g\",\"url\":\"https:\/\/secure.gravatar.com\/avatar\/9ceaf49983887d9fed6c838ba33a97c89f1e3f2836978af414e1b7cf88be2678?s=96&d=mm&r=g\",\"contentUrl\":\"https:\/\/secure.gravatar.com\/avatar\/9ceaf49983887d9fed6c838ba33a97c89f1e3f2836978af414e1b7cf88be2678?s=96&d=mm&r=g\",\"caption\":\"Jo\u00e3o Marcondes\"},\"url\":\"https:\/\/souzalima.com.br\/blog\/author\/joao\/\"}]}<\/script>\n<!-- \/ Yoast SEO plugin. -->","yoast_head_json":{"title":"Hist\u00f3ria da M\u00fasica Brasileira \u2013 Introdu\u00e7\u00e3o - Blog Souza Lima","robots":{"index":"index","follow":"follow","max-snippet":"max-snippet:-1","max-image-preview":"max-image-preview:large","max-video-preview":"max-video-preview:-1"},"canonical":"https:\/\/souzalima.com.br\/blog\/historia-da-musica-brasileira-introducao\/","og_locale":"pt_BR","og_type":"article","og_title":"Hist\u00f3ria da M\u00fasica Brasileira \u2013 Introdu\u00e7\u00e3o - Blog Souza Lima","og_description":"Para consolidar a informa\u00e7\u00e3o e apresentar um conhecimento aplicado cobrindo importante lacuna da educa\u00e7\u00e3o musical, eu Professor Jo\u00e3o Marcondes atrav\u00e9s do BLOG Souza Lima, apresento a s\u00e9rie Infogr\u00e1ficos da Hist\u00f3ria da M\u00fasica Brasileira. Infogr\u00e1ficos A hist\u00f3ria da m\u00fasica em uma visualiza\u00e7\u00e3o que aperfei\u00e7oa a compreens\u00e3o...","og_url":"https:\/\/souzalima.com.br\/blog\/historia-da-musica-brasileira-introducao\/","og_site_name":"Blog Souza Lima","article_publisher":"https:\/\/www.facebook.com\/souzalimaoficial","article_published_time":"2020-04-13T11:28:45+00:00","article_modified_time":"2024-09-25T11:30:43+00:00","og_image":[{"width":696,"height":522,"url":"https:\/\/souzalima.com.br\/blog\/wp-content\/uploads\/2024\/09\/musica-brasileira.webp","type":"image\/webp"}],"author":"Jo\u00e3o Marcondes","twitter_card":"summary_large_image","twitter_misc":{"Escrito por":"Jo\u00e3o Marcondes","Est. tempo de leitura":"3 minutos"},"schema":{"@context":"https:\/\/schema.org","@graph":[{"@type":"Article","@id":"https:\/\/souzalima.com.br\/blog\/historia-da-musica-brasileira-introducao\/#article","isPartOf":{"@id":"https:\/\/souzalima.com.br\/blog\/historia-da-musica-brasileira-introducao\/"},"author":{"name":"Jo\u00e3o Marcondes","@id":"https:\/\/souzalima.com.br\/blog\/#\/schema\/person\/f6aad8444e58fb11121a921b22bed6ae"},"headline":"Hist\u00f3ria da M\u00fasica Brasileira \u2013 Introdu\u00e7\u00e3o","datePublished":"2020-04-13T11:28:45+00:00","dateModified":"2024-09-25T11:30:43+00:00","mainEntityOfPage":{"@id":"https:\/\/souzalima.com.br\/blog\/historia-da-musica-brasileira-introducao\/"},"wordCount":404,"commentCount":0,"publisher":{"@id":"https:\/\/souzalima.com.br\/blog\/#organization"},"image":{"@id":"https:\/\/souzalima.com.br\/blog\/historia-da-musica-brasileira-introducao\/#primaryimage"},"thumbnailUrl":"https:\/\/souzalima.com.br\/blog\/wp-content\/uploads\/2024\/09\/musica-brasileira.webp","keywords":["blog souza lima","destaques","hist\u00f3ria da m\u00fasica brasileira introdu\u00e7\u00e3o","jo\u00e3o marcondes"],"articleSection":["Infogr\u00e1ficos"],"inLanguage":"pt-BR","potentialAction":[{"@type":"CommentAction","name":"Comment","target":["https:\/\/souzalima.com.br\/blog\/historia-da-musica-brasileira-introducao\/#respond"]}]},{"@type":"WebPage","@id":"https:\/\/souzalima.com.br\/blog\/historia-da-musica-brasileira-introducao\/","url":"https:\/\/souzalima.com.br\/blog\/historia-da-musica-brasileira-introducao\/","name":"Hist\u00f3ria da M\u00fasica Brasileira \u2013 Introdu\u00e7\u00e3o - Blog Souza Lima","isPartOf":{"@id":"https:\/\/souzalima.com.br\/blog\/#website"},"primaryImageOfPage":{"@id":"https:\/\/souzalima.com.br\/blog\/historia-da-musica-brasileira-introducao\/#primaryimage"},"image":{"@id":"https:\/\/souzalima.com.br\/blog\/historia-da-musica-brasileira-introducao\/#primaryimage"},"thumbnailUrl":"https:\/\/souzalima.com.br\/blog\/wp-content\/uploads\/2024\/09\/musica-brasileira.webp","datePublished":"2020-04-13T11:28:45+00:00","dateModified":"2024-09-25T11:30:43+00:00","breadcrumb":{"@id":"https:\/\/souzalima.com.br\/blog\/historia-da-musica-brasileira-introducao\/#breadcrumb"},"inLanguage":"pt-BR","potentialAction":[{"@type":"ReadAction","target":["https:\/\/souzalima.com.br\/blog\/historia-da-musica-brasileira-introducao\/"]}]},{"@type":"ImageObject","inLanguage":"pt-BR","@id":"https:\/\/souzalima.com.br\/blog\/historia-da-musica-brasileira-introducao\/#primaryimage","url":"https:\/\/souzalima.com.br\/blog\/wp-content\/uploads\/2024\/09\/musica-brasileira.webp","contentUrl":"https:\/\/souzalima.com.br\/blog\/wp-content\/uploads\/2024\/09\/musica-brasileira.webp","width":696,"height":522},{"@type":"BreadcrumbList","@id":"https:\/\/souzalima.com.br\/blog\/historia-da-musica-brasileira-introducao\/#breadcrumb","itemListElement":[{"@type":"ListItem","position":1,"name":"In\u00edcio","item":"https:\/\/souzalima.com.br\/blog\/"},{"@type":"ListItem","position":2,"name":"Hist\u00f3ria da M\u00fasica Brasileira \u2013 Introdu\u00e7\u00e3o"}]},{"@type":"WebSite","@id":"https:\/\/souzalima.com.br\/blog\/#website","url":"https:\/\/souzalima.com.br\/blog\/","name":"Blog Souza Lima","description":"Descubra o universo musical com o Blog Souza Lima! ","publisher":{"@id":"https:\/\/souzalima.com.br\/blog\/#organization"},"potentialAction":[{"@type":"SearchAction","target":{"@type":"EntryPoint","urlTemplate":"https:\/\/souzalima.com.br\/blog\/?s={search_term_string}"},"query-input":{"@type":"PropertyValueSpecification","valueRequired":true,"valueName":"search_term_string"}}],"inLanguage":"pt-BR"},{"@type":"Organization","@id":"https:\/\/souzalima.com.br\/blog\/#organization","name":"Blog Souza Lima","url":"https:\/\/souzalima.com.br\/blog\/","logo":{"@type":"ImageObject","inLanguage":"pt-BR","@id":"https:\/\/souzalima.com.br\/blog\/#\/schema\/logo\/image\/","url":"https:\/\/souzalima.com.br\/blog\/wp-content\/uploads\/2024\/04\/logo-blog-escuro.png","contentUrl":"https:\/\/souzalima.com.br\/blog\/wp-content\/uploads\/2024\/04\/logo-blog-escuro.png","width":700,"height":360,"caption":"Blog Souza Lima"},"image":{"@id":"https:\/\/souzalima.com.br\/blog\/#\/schema\/logo\/image\/"},"sameAs":["https:\/\/www.facebook.com\/souzalimaoficial","https:\/\/www.instagram.com\/souzalimaoficial\/","https:\/\/www.tiktok.com\/@souzalimaoficial"]},{"@type":"Person","@id":"https:\/\/souzalima.com.br\/blog\/#\/schema\/person\/f6aad8444e58fb11121a921b22bed6ae","name":"Jo\u00e3o Marcondes","image":{"@type":"ImageObject","inLanguage":"pt-BR","@id":"https:\/\/secure.gravatar.com\/avatar\/9ceaf49983887d9fed6c838ba33a97c89f1e3f2836978af414e1b7cf88be2678?s=96&d=mm&r=g","url":"https:\/\/secure.gravatar.com\/avatar\/9ceaf49983887d9fed6c838ba33a97c89f1e3f2836978af414e1b7cf88be2678?s=96&d=mm&r=g","contentUrl":"https:\/\/secure.gravatar.com\/avatar\/9ceaf49983887d9fed6c838ba33a97c89f1e3f2836978af414e1b7cf88be2678?s=96&d=mm&r=g","caption":"Jo\u00e3o Marcondes"},"url":"https:\/\/souzalima.com.br\/blog\/author\/joao\/"}]}},"_links":{"self":[{"href":"https:\/\/souzalima.com.br\/blog\/wp-json\/wp\/v2\/posts\/20791","targetHints":{"allow":["GET"]}}],"collection":[{"href":"https:\/\/souzalima.com.br\/blog\/wp-json\/wp\/v2\/posts"}],"about":[{"href":"https:\/\/souzalima.com.br\/blog\/wp-json\/wp\/v2\/types\/post"}],"author":[{"embeddable":true,"href":"https:\/\/souzalima.com.br\/blog\/wp-json\/wp\/v2\/users\/3"}],"replies":[{"embeddable":true,"href":"https:\/\/souzalima.com.br\/blog\/wp-json\/wp\/v2\/comments?post=20791"}],"version-history":[{"count":1,"href":"https:\/\/souzalima.com.br\/blog\/wp-json\/wp\/v2\/posts\/20791\/revisions"}],"predecessor-version":[{"id":20792,"href":"https:\/\/souzalima.com.br\/blog\/wp-json\/wp\/v2\/posts\/20791\/revisions\/20792"}],"wp:featuredmedia":[{"embeddable":true,"href":"https:\/\/souzalima.com.br\/blog\/wp-json\/wp\/v2\/media\/20762"}],"wp:attachment":[{"href":"https:\/\/souzalima.com.br\/blog\/wp-json\/wp\/v2\/media?parent=20791"}],"wp:term":[{"taxonomy":"category","embeddable":true,"href":"https:\/\/souzalima.com.br\/blog\/wp-json\/wp\/v2\/categories?post=20791"},{"taxonomy":"post_tag","embeddable":true,"href":"https:\/\/souzalima.com.br\/blog\/wp-json\/wp\/v2\/tags?post=20791"}],"curies":[{"name":"wp","href":"https:\/\/api.w.org\/{rel}","templated":true}]}}