{"id":20709,"date":"2020-01-24T14:20:04","date_gmt":"2020-01-24T17:20:04","guid":{"rendered":"https:\/\/souzalima.com.br\/blog\/?p=20709"},"modified":"2025-06-06T16:38:37","modified_gmt":"2025-06-06T19:38:37","slug":"como-escrever-uma-partitura-quanto-a-duracao-parte-2","status":"publish","type":"post","link":"https:\/\/souzalima.com.br\/blog\/como-escrever-uma-partitura-quanto-a-duracao-parte-2\/","title":{"rendered":"Como escrever uma partitura quanto a dura\u00e7\u00e3o? Parte 2"},"content":{"rendered":"<p>Em primeiro lugar para continuar a quest\u00e3o \u201c<strong><em>Como escrever uma partitura quanto a dura\u00e7\u00e3o?\u201d<\/em><\/strong>, voc\u00ea j\u00e1 leu a <a href=\"https:\/\/www.blogsouzalima.com.br\/como-escrever-uma-partitura-quanto-duracao-parte-1\/\">primeira parte<\/a>? N\u00e3o se esque\u00e7a que precisamos reconhecer e identificar os valores do que \u00e9 <a href=\"https:\/\/www.blogsouzalima.com.br\/teoria-musical\/\">teoria musical<\/a>.<\/p>\n<h2>A m\u00e9trica foi identificada no processo estabelecido na primeira postagem?<\/h2>\n<p>Vamos falar ent\u00e3o do signo ou f\u00f3rmula de compasso \u2013 um s\u00edmbolo que sucede a clave em uma partitura, composto de dois n\u00fameros estabelecidos entre a primeira e a terceira linha, e a terceira e quinta linha.<\/p>\n<p>O <strong>n\u00famero superior<\/strong> \u00e9 conhecido como numerador, ou como particularmente prefiro <strong>quantificador<\/strong> \u2013 \u00e0quele que define a m\u00e9trica. A quantidade de tempos que ocorrerem em um compasso.<\/p>\n<p>O <strong>n\u00famero inferior<\/strong> \u00e9 conhecido como denominador, ou como tamb\u00e9m particularmente prefiro chamar <strong>qualificador<\/strong> \u2013 \u00e0quele que estabelece a figura que define a unidade de tempo. A figura que representa um tempo.<\/p>\n<h2>Mas antes preciso identificar a subdivis\u00e3o! Por que?<\/h2>\n<p>Est\u00e1 na subdivis\u00e3o a pr\u00e1tica da escrita que difere o compasso simples do compasso composto.<\/p>\n<p><strong><em>Eu entendo o compasso composto como uma abrevia\u00e7\u00e3o de escrita do compasso tern\u00e1rio simples. Mas isso \u00e9 conversa para outra ocasi\u00e3o.<\/em><\/strong><\/p>\n<p>Fiquemos hoje com o compasso simples, e na pr\u00f3xima postagem da s\u00e9rie falaremos do compasso composto, e a seguir m\u00e9todos para identific\u00e1-los auditivamente.<\/p>\n<h2>Compasso Simples<\/h2>\n<p>Subdivis\u00e3o bin\u00e1ria.<\/p>\n<p>Pelo artif\u00edcio da proporcionalidade se estabelecem rela\u00e7\u00f5es entre as figuras, semibreve, m\u00ednima, sem\u00ednima, colcheia, semicolcheia, fusa e semifusa:<\/p>\n<p><img loading=\"lazy\" decoding=\"async\" class=\"alignnone size-full wp-image-12931 td-animation-stack-type0-2\" src=\"https:\/\/i0.wp.com\/www.blogsouzalima.com.br\/wp-content\/uploads\/2018\/02\/figura-7.png?resize=296%2C170&amp;ssl=1\" alt=\"\" width=\"296\" height=\"170\" data-recalc-dims=\"1\" \/><\/p>\n<p>A semibreve \u00e9 a figura de maior valor, e no signo de compasso ser\u00e1 representada no qualificador pelo n\u00famero um. Pouco usual grafar algo em 2 por 1. Observe o compasso preenchido por unidade de tempo com som, o segundo com sil\u00eancio \u2013 pausa, o terceiro com unidade de compasso \u2013 uma figura que preenche todo compasso, e o quarto compasso com a primeira subdivis\u00e3o.<\/p>\n<p>No compasso dois por um apresentou-se a figura da breve, que est\u00e1 em desuso na grafia musical atual.<\/p>\n<h2>Observe:<\/h2>\n<p><img loading=\"lazy\" decoding=\"async\" class=\"alignnone size-full wp-image-12927 td-animation-stack-type0-2\" src=\"https:\/\/i0.wp.com\/www.blogsouzalima.com.br\/wp-content\/uploads\/2018\/02\/2-por-1.png?resize=696%2C73&amp;ssl=1\" sizes=\"auto, (max-width: 696px) 100vw, 696px\" srcset=\"https:\/\/i0.wp.com\/blogsouzalima.com.br\/wp-content\/uploads\/2018\/02\/2-por-1.png?w=2171&amp;ssl=1 2171w, https:\/\/i0.wp.com\/blogsouzalima.com.br\/wp-content\/uploads\/2018\/02\/2-por-1.png?resize=300%2C31&amp;ssl=1 300w, https:\/\/i0.wp.com\/blogsouzalima.com.br\/wp-content\/uploads\/2018\/02\/2-por-1.png?resize=768%2C80&amp;ssl=1 768w, https:\/\/i0.wp.com\/blogsouzalima.com.br\/wp-content\/uploads\/2018\/02\/2-por-1.png?resize=1024%2C107&amp;ssl=1 1024w, https:\/\/i0.wp.com\/blogsouzalima.com.br\/wp-content\/uploads\/2018\/02\/2-por-1.png?resize=696%2C73&amp;ssl=1 696w, https:\/\/i0.wp.com\/blogsouzalima.com.br\/wp-content\/uploads\/2018\/02\/2-por-1.png?resize=1068%2C112&amp;ssl=1 1068w, https:\/\/i0.wp.com\/blogsouzalima.com.br\/wp-content\/uploads\/2018\/02\/2-por-1.png?w=1392&amp;ssl=1 1392w, https:\/\/i0.wp.com\/blogsouzalima.com.br\/wp-content\/uploads\/2018\/02\/2-por-1.png?w=2088&amp;ssl=1 2088w\" alt=\"\" width=\"696\" height=\"73\" data-recalc-dims=\"1\" \/><\/p>\n<p>A m\u00ednima \u00e9 a figura de segundo maior valor, para formar uma semibreve \u00e9 preciso duas m\u00ednimas, e no signo de compasso a m\u00ednima ser\u00e1 representada no qualificador pelo n\u00famero dois. Habitual pautar samba-can\u00e7\u00e3o e o xote, por exemplo, em 2 por 2.<\/p>\n<p>Para ocupar um compasso 2 por 2 \u00e9 preciso duas vezes a figura da m\u00ednima, ou uma composi\u00e7\u00e3o de figuras que atinja a mesma propor\u00e7\u00e3o.<\/p>\n<h2>Observe:<\/h2>\n<p><img loading=\"lazy\" decoding=\"async\" class=\"alignnone size-full wp-image-12928 td-animation-stack-type0-2\" src=\"https:\/\/i0.wp.com\/www.blogsouzalima.com.br\/wp-content\/uploads\/2018\/02\/2-por-2.png?resize=696%2C67&amp;ssl=1\" sizes=\"auto, (max-width: 696px) 100vw, 696px\" srcset=\"https:\/\/i0.wp.com\/blogsouzalima.com.br\/wp-content\/uploads\/2018\/02\/2-por-2.png?w=2171&amp;ssl=1 2171w, https:\/\/i0.wp.com\/blogsouzalima.com.br\/wp-content\/uploads\/2018\/02\/2-por-2.png?resize=300%2C29&amp;ssl=1 300w, https:\/\/i0.wp.com\/blogsouzalima.com.br\/wp-content\/uploads\/2018\/02\/2-por-2.png?resize=768%2C74&amp;ssl=1 768w, https:\/\/i0.wp.com\/blogsouzalima.com.br\/wp-content\/uploads\/2018\/02\/2-por-2.png?resize=1024%2C99&amp;ssl=1 1024w, https:\/\/i0.wp.com\/blogsouzalima.com.br\/wp-content\/uploads\/2018\/02\/2-por-2.png?resize=696%2C67&amp;ssl=1 696w, https:\/\/i0.wp.com\/blogsouzalima.com.br\/wp-content\/uploads\/2018\/02\/2-por-2.png?resize=1068%2C103&amp;ssl=1 1068w, https:\/\/i0.wp.com\/blogsouzalima.com.br\/wp-content\/uploads\/2018\/02\/2-por-2.png?w=1392&amp;ssl=1 1392w, https:\/\/i0.wp.com\/blogsouzalima.com.br\/wp-content\/uploads\/2018\/02\/2-por-2.png?w=2088&amp;ssl=1 2088w\" alt=\"\" width=\"696\" height=\"67\" data-recalc-dims=\"1\" \/><\/p>\n<p>A sem\u00ednima \u00e9 a figura de terceiro maior valor, para formar uma semibreve \u00e9 preciso quatro sem\u00ednimas, e no signo de compasso a sem\u00ednima ser\u00e1 representada no qualificador pelo n\u00famero quatro. Habitual pautar diversos g\u00eaneros da m\u00fasica brasileira em 2 por 4, como o samba, o bai\u00e3o.<\/p>\n<p>Para ocupar um compasso 2 por 4 \u00e9 preciso duas vezes a figura da sem\u00ednima, ou uma composi\u00e7\u00e3o de figuras que atinja a mesma propor\u00e7\u00e3o.<\/p>\n<h2>Observe:<\/h2>\n<p><img loading=\"lazy\" decoding=\"async\" class=\"alignnone size-full wp-image-12929 td-animation-stack-type0-2\" src=\"https:\/\/i0.wp.com\/www.blogsouzalima.com.br\/wp-content\/uploads\/2018\/02\/2-por-4.png?resize=696%2C66&amp;ssl=1\" sizes=\"auto, (max-width: 696px) 100vw, 696px\" srcset=\"https:\/\/i0.wp.com\/blogsouzalima.com.br\/wp-content\/uploads\/2018\/02\/2-por-4.png?w=2171&amp;ssl=1 2171w, https:\/\/i0.wp.com\/blogsouzalima.com.br\/wp-content\/uploads\/2018\/02\/2-por-4.png?resize=300%2C29&amp;ssl=1 300w, https:\/\/i0.wp.com\/blogsouzalima.com.br\/wp-content\/uploads\/2018\/02\/2-por-4.png?resize=768%2C73&amp;ssl=1 768w, https:\/\/i0.wp.com\/blogsouzalima.com.br\/wp-content\/uploads\/2018\/02\/2-por-4.png?resize=1024%2C98&amp;ssl=1 1024w, https:\/\/i0.wp.com\/blogsouzalima.com.br\/wp-content\/uploads\/2018\/02\/2-por-4.png?resize=696%2C66&amp;ssl=1 696w, https:\/\/i0.wp.com\/blogsouzalima.com.br\/wp-content\/uploads\/2018\/02\/2-por-4.png?resize=1068%2C102&amp;ssl=1 1068w, https:\/\/i0.wp.com\/blogsouzalima.com.br\/wp-content\/uploads\/2018\/02\/2-por-4.png?w=1392&amp;ssl=1 1392w, https:\/\/i0.wp.com\/blogsouzalima.com.br\/wp-content\/uploads\/2018\/02\/2-por-4.png?w=2088&amp;ssl=1 2088w\" alt=\"\" width=\"696\" height=\"66\" data-recalc-dims=\"1\" \/><\/p>\n<p>A colcheia \u00e9 a figura de quarto maior valor, para formar uma semibreve \u00e9 preciso oito colcheias, e no signo de compasso a colcheia ser\u00e1 representada no qualificador pelo n\u00famero oito. A m\u00fasica popular utiliza em menor propor\u00e7\u00e3o a escrita em 2 por 8, ocorre mais o 3 por 8, por exemplo.<\/p>\n<p>Para ocupar um compasso 2 por 8 \u00e9 preciso duas vezes a figura da colcheia, ou uma composi\u00e7\u00e3o de figuras que atinja a mesma propor\u00e7\u00e3o. Combinando pausas e notas que representam a unidade de tempo no primeiro e segundo compasso, a unidade de compasso como a sem\u00ednima, e a primeira subdivis\u00e3o da colcheia representada pela semicolcheia em som e sil\u00eancio.<\/p>\n<h2>Observe:<\/h2>\n<p><img loading=\"lazy\" decoding=\"async\" class=\"alignnone size-full wp-image-12930 td-animation-stack-type0-2\" src=\"https:\/\/i0.wp.com\/www.blogsouzalima.com.br\/wp-content\/uploads\/2018\/02\/2-por-8.png?resize=696%2C51&amp;ssl=1\" sizes=\"auto, (max-width: 696px) 100vw, 696px\" srcset=\"https:\/\/i0.wp.com\/blogsouzalima.com.br\/wp-content\/uploads\/2018\/02\/2-por-8.png?w=2171&amp;ssl=1 2171w, https:\/\/i0.wp.com\/blogsouzalima.com.br\/wp-content\/uploads\/2018\/02\/2-por-8.png?resize=300%2C22&amp;ssl=1 300w, https:\/\/i0.wp.com\/blogsouzalima.com.br\/wp-content\/uploads\/2018\/02\/2-por-8.png?resize=768%2C56&amp;ssl=1 768w, https:\/\/i0.wp.com\/blogsouzalima.com.br\/wp-content\/uploads\/2018\/02\/2-por-8.png?resize=1024%2C75&amp;ssl=1 1024w, https:\/\/i0.wp.com\/blogsouzalima.com.br\/wp-content\/uploads\/2018\/02\/2-por-8.png?resize=696%2C51&amp;ssl=1 696w, https:\/\/i0.wp.com\/blogsouzalima.com.br\/wp-content\/uploads\/2018\/02\/2-por-8.png?resize=1068%2C78&amp;ssl=1 1068w, https:\/\/i0.wp.com\/blogsouzalima.com.br\/wp-content\/uploads\/2018\/02\/2-por-8.png?w=1392&amp;ssl=1 1392w, https:\/\/i0.wp.com\/blogsouzalima.com.br\/wp-content\/uploads\/2018\/02\/2-por-8.png?w=2088&amp;ssl=1 2088w\" alt=\"\" width=\"696\" height=\"51\" data-recalc-dims=\"1\" \/><\/p>\n<p>Na pr\u00f3xima publica\u00e7\u00e3o apresentaremos as vari\u00e1veis do compasso composto. A presen\u00e7a do ponto de aumento, e a forma de grafia. Para ent\u00e3o na quarta p\u00fablica\u00e7\u00e3o a tradi\u00e7\u00e3o escrita que se estabeleceu em contraposi\u00e7\u00e3o a percep\u00e7\u00e3o.<\/p>\n<p>Vamos em frente! O conhecimento \u00e9 um caminho sem volta!<\/p>\n<p>Ilustra\u00e7\u00e3o da violonista do <a href=\"http:\/\/www.karmo.com.br\/\">Karmo<\/a>, para a cole\u00e7\u00e3o \u201c<strong>Universo dos Sons<\/strong>\u201d de Jo\u00e3o Marcondes.<\/p>\n<h2><strong>#VemProSouzaLima<\/strong><\/h2>\n","protected":false},"excerpt":{"rendered":"<p>Em primeiro lugar para continuar a quest\u00e3o \u201cComo escrever uma partitura quanto a dura\u00e7\u00e3o?\u201d, voc\u00ea j\u00e1 leu a primeira parte? N\u00e3o se esque\u00e7a que precisamos reconhecer e identificar os valores do que \u00e9 teoria musical. A m\u00e9trica foi identificada no processo estabelecido na primeira postagem?&#8230;<\/p>\n","protected":false},"author":3,"featured_media":20336,"comment_status":"open","ping_status":"open","sticky":false,"template":"","format":"standard","meta":{"footnotes":""},"categories":[12],"tags":[115,542,368,7],"class_list":["post-20709","post","type-post","status-publish","format-standard","has-post-thumbnail","hentry","category-estudo","tag-blog-souza-lima","tag-como-escrever-uma-partitura-quanto-a-duracao","tag-destaques","tag-joao-marcondes"],"yoast_head":"<!-- This site is optimized with the Yoast SEO plugin v27.2 - https:\/\/yoast.com\/product\/yoast-seo-wordpress\/ -->\n<title>Escrita de Partituras: Dura\u00e7\u00e3o das Notas 2 | Teoria Musical<\/title>\n<meta name=\"description\" content=\"D\u00ea continuidade ao estudo da dura\u00e7\u00e3o das notas na partitura. Aprimore sua escrita musical com a parte 2 da s\u00e9rie no blog da Souza Lima!\" \/>\n<meta name=\"robots\" content=\"index, follow, max-snippet:-1, max-image-preview:large, max-video-preview:-1\" \/>\n<link rel=\"canonical\" href=\"https:\/\/souzalima.com.br\/blog\/como-escrever-uma-partitura-quanto-a-duracao-parte-2\/\" \/>\n<meta property=\"og:locale\" content=\"pt_BR\" \/>\n<meta property=\"og:type\" content=\"article\" \/>\n<meta property=\"og:title\" content=\"Escrita de Partituras: Dura\u00e7\u00e3o das Notas 2 | Teoria Musical\" \/>\n<meta property=\"og:description\" content=\"D\u00ea continuidade ao estudo da dura\u00e7\u00e3o das notas na partitura. Aprimore sua escrita musical com a parte 2 da s\u00e9rie no blog da Souza Lima!\" \/>\n<meta property=\"og:url\" content=\"https:\/\/souzalima.com.br\/blog\/como-escrever-uma-partitura-quanto-a-duracao-parte-2\/\" \/>\n<meta property=\"og:site_name\" content=\"Blog Souza Lima\" \/>\n<meta property=\"article:publisher\" content=\"https:\/\/www.facebook.com\/souzalimaoficial\" \/>\n<meta property=\"article:published_time\" content=\"2020-01-24T17:20:04+00:00\" \/>\n<meta property=\"article:modified_time\" content=\"2025-06-06T19:38:37+00:00\" \/>\n<meta property=\"og:image\" content=\"https:\/\/souzalima.com.br\/blog\/wp-content\/uploads\/2024\/09\/ligadura.webp\" \/>\n\t<meta property=\"og:image:width\" content=\"559\" \/>\n\t<meta property=\"og:image:height\" content=\"397\" \/>\n\t<meta property=\"og:image:type\" content=\"image\/webp\" \/>\n<meta name=\"author\" content=\"Jo\u00e3o Marcondes\" \/>\n<meta name=\"twitter:card\" content=\"summary_large_image\" \/>\n<meta name=\"twitter:label1\" content=\"Escrito por\" \/>\n\t<meta name=\"twitter:data1\" content=\"Jo\u00e3o Marcondes\" \/>\n\t<meta name=\"twitter:label2\" content=\"Est. tempo de leitura\" \/>\n\t<meta name=\"twitter:data2\" content=\"5 minutos\" \/>\n<script type=\"application\/ld+json\" class=\"yoast-schema-graph\">{\"@context\":\"https:\/\/schema.org\",\"@graph\":[{\"@type\":\"Article\",\"@id\":\"https:\/\/souzalima.com.br\/blog\/como-escrever-uma-partitura-quanto-a-duracao-parte-2\/#article\",\"isPartOf\":{\"@id\":\"https:\/\/souzalima.com.br\/blog\/como-escrever-uma-partitura-quanto-a-duracao-parte-2\/\"},\"author\":{\"name\":\"Jo\u00e3o Marcondes\",\"@id\":\"https:\/\/souzalima.com.br\/blog\/#\/schema\/person\/f6aad8444e58fb11121a921b22bed6ae\"},\"headline\":\"Como escrever uma partitura quanto a dura\u00e7\u00e3o? Parte 2\",\"datePublished\":\"2020-01-24T17:20:04+00:00\",\"dateModified\":\"2025-06-06T19:38:37+00:00\",\"mainEntityOfPage\":{\"@id\":\"https:\/\/souzalima.com.br\/blog\/como-escrever-uma-partitura-quanto-a-duracao-parte-2\/\"},\"wordCount\":673,\"commentCount\":0,\"publisher\":{\"@id\":\"https:\/\/souzalima.com.br\/blog\/#organization\"},\"image\":{\"@id\":\"https:\/\/souzalima.com.br\/blog\/como-escrever-uma-partitura-quanto-a-duracao-parte-2\/#primaryimage\"},\"thumbnailUrl\":\"https:\/\/souzalima.com.br\/blog\/wp-content\/uploads\/2024\/09\/ligadura.webp\",\"keywords\":[\"blog souza lima\",\"como escrever uma partitura quanto a dura\u00e7\u00e3o\",\"destaques\",\"jo\u00e3o marcondes\"],\"articleSection\":[\"Estudo\"],\"inLanguage\":\"pt-BR\",\"potentialAction\":[{\"@type\":\"CommentAction\",\"name\":\"Comment\",\"target\":[\"https:\/\/souzalima.com.br\/blog\/como-escrever-uma-partitura-quanto-a-duracao-parte-2\/#respond\"]}]},{\"@type\":\"WebPage\",\"@id\":\"https:\/\/souzalima.com.br\/blog\/como-escrever-uma-partitura-quanto-a-duracao-parte-2\/\",\"url\":\"https:\/\/souzalima.com.br\/blog\/como-escrever-uma-partitura-quanto-a-duracao-parte-2\/\",\"name\":\"Escrita de Partituras: Dura\u00e7\u00e3o das Notas 2 | Teoria Musical\",\"isPartOf\":{\"@id\":\"https:\/\/souzalima.com.br\/blog\/#website\"},\"primaryImageOfPage\":{\"@id\":\"https:\/\/souzalima.com.br\/blog\/como-escrever-uma-partitura-quanto-a-duracao-parte-2\/#primaryimage\"},\"image\":{\"@id\":\"https:\/\/souzalima.com.br\/blog\/como-escrever-uma-partitura-quanto-a-duracao-parte-2\/#primaryimage\"},\"thumbnailUrl\":\"https:\/\/souzalima.com.br\/blog\/wp-content\/uploads\/2024\/09\/ligadura.webp\",\"datePublished\":\"2020-01-24T17:20:04+00:00\",\"dateModified\":\"2025-06-06T19:38:37+00:00\",\"description\":\"D\u00ea continuidade ao estudo da dura\u00e7\u00e3o das notas na partitura. Aprimore sua escrita musical com a parte 2 da s\u00e9rie no blog da Souza Lima!\",\"breadcrumb\":{\"@id\":\"https:\/\/souzalima.com.br\/blog\/como-escrever-uma-partitura-quanto-a-duracao-parte-2\/#breadcrumb\"},\"inLanguage\":\"pt-BR\",\"potentialAction\":[{\"@type\":\"ReadAction\",\"target\":[\"https:\/\/souzalima.com.br\/blog\/como-escrever-uma-partitura-quanto-a-duracao-parte-2\/\"]}]},{\"@type\":\"ImageObject\",\"inLanguage\":\"pt-BR\",\"@id\":\"https:\/\/souzalima.com.br\/blog\/como-escrever-uma-partitura-quanto-a-duracao-parte-2\/#primaryimage\",\"url\":\"https:\/\/souzalima.com.br\/blog\/wp-content\/uploads\/2024\/09\/ligadura.webp\",\"contentUrl\":\"https:\/\/souzalima.com.br\/blog\/wp-content\/uploads\/2024\/09\/ligadura.webp\",\"width\":559,\"height\":397},{\"@type\":\"BreadcrumbList\",\"@id\":\"https:\/\/souzalima.com.br\/blog\/como-escrever-uma-partitura-quanto-a-duracao-parte-2\/#breadcrumb\",\"itemListElement\":[{\"@type\":\"ListItem\",\"position\":1,\"name\":\"In\u00edcio\",\"item\":\"https:\/\/souzalima.com.br\/blog\/\"},{\"@type\":\"ListItem\",\"position\":2,\"name\":\"Como escrever uma partitura quanto a dura\u00e7\u00e3o? Parte 2\"}]},{\"@type\":\"WebSite\",\"@id\":\"https:\/\/souzalima.com.br\/blog\/#website\",\"url\":\"https:\/\/souzalima.com.br\/blog\/\",\"name\":\"Blog Souza Lima\",\"description\":\"Descubra o universo musical com o Blog Souza Lima! \",\"publisher\":{\"@id\":\"https:\/\/souzalima.com.br\/blog\/#organization\"},\"potentialAction\":[{\"@type\":\"SearchAction\",\"target\":{\"@type\":\"EntryPoint\",\"urlTemplate\":\"https:\/\/souzalima.com.br\/blog\/?s={search_term_string}\"},\"query-input\":{\"@type\":\"PropertyValueSpecification\",\"valueRequired\":true,\"valueName\":\"search_term_string\"}}],\"inLanguage\":\"pt-BR\"},{\"@type\":\"Organization\",\"@id\":\"https:\/\/souzalima.com.br\/blog\/#organization\",\"name\":\"Blog Souza Lima\",\"url\":\"https:\/\/souzalima.com.br\/blog\/\",\"logo\":{\"@type\":\"ImageObject\",\"inLanguage\":\"pt-BR\",\"@id\":\"https:\/\/souzalima.com.br\/blog\/#\/schema\/logo\/image\/\",\"url\":\"https:\/\/souzalima.com.br\/blog\/wp-content\/uploads\/2024\/04\/logo-blog-escuro.png\",\"contentUrl\":\"https:\/\/souzalima.com.br\/blog\/wp-content\/uploads\/2024\/04\/logo-blog-escuro.png\",\"width\":700,\"height\":360,\"caption\":\"Blog Souza Lima\"},\"image\":{\"@id\":\"https:\/\/souzalima.com.br\/blog\/#\/schema\/logo\/image\/\"},\"sameAs\":[\"https:\/\/www.facebook.com\/souzalimaoficial\",\"https:\/\/www.instagram.com\/souzalimaoficial\/\",\"https:\/\/www.tiktok.com\/@souzalimaoficial\"]},{\"@type\":\"Person\",\"@id\":\"https:\/\/souzalima.com.br\/blog\/#\/schema\/person\/f6aad8444e58fb11121a921b22bed6ae\",\"name\":\"Jo\u00e3o Marcondes\",\"image\":{\"@type\":\"ImageObject\",\"inLanguage\":\"pt-BR\",\"@id\":\"https:\/\/secure.gravatar.com\/avatar\/9ceaf49983887d9fed6c838ba33a97c89f1e3f2836978af414e1b7cf88be2678?s=96&d=mm&r=g\",\"url\":\"https:\/\/secure.gravatar.com\/avatar\/9ceaf49983887d9fed6c838ba33a97c89f1e3f2836978af414e1b7cf88be2678?s=96&d=mm&r=g\",\"contentUrl\":\"https:\/\/secure.gravatar.com\/avatar\/9ceaf49983887d9fed6c838ba33a97c89f1e3f2836978af414e1b7cf88be2678?s=96&d=mm&r=g\",\"caption\":\"Jo\u00e3o Marcondes\"},\"url\":\"https:\/\/souzalima.com.br\/blog\/author\/joao\/\"}]}<\/script>\n<!-- \/ Yoast SEO plugin. -->","yoast_head_json":{"title":"Escrita de Partituras: Dura\u00e7\u00e3o das Notas 2 | Teoria Musical","description":"D\u00ea continuidade ao estudo da dura\u00e7\u00e3o das notas na partitura. Aprimore sua escrita musical com a parte 2 da s\u00e9rie no blog da Souza Lima!","robots":{"index":"index","follow":"follow","max-snippet":"max-snippet:-1","max-image-preview":"max-image-preview:large","max-video-preview":"max-video-preview:-1"},"canonical":"https:\/\/souzalima.com.br\/blog\/como-escrever-uma-partitura-quanto-a-duracao-parte-2\/","og_locale":"pt_BR","og_type":"article","og_title":"Escrita de Partituras: Dura\u00e7\u00e3o das Notas 2 | Teoria Musical","og_description":"D\u00ea continuidade ao estudo da dura\u00e7\u00e3o das notas na partitura. Aprimore sua escrita musical com a parte 2 da s\u00e9rie no blog da Souza Lima!","og_url":"https:\/\/souzalima.com.br\/blog\/como-escrever-uma-partitura-quanto-a-duracao-parte-2\/","og_site_name":"Blog Souza Lima","article_publisher":"https:\/\/www.facebook.com\/souzalimaoficial","article_published_time":"2020-01-24T17:20:04+00:00","article_modified_time":"2025-06-06T19:38:37+00:00","og_image":[{"width":559,"height":397,"url":"https:\/\/souzalima.com.br\/blog\/wp-content\/uploads\/2024\/09\/ligadura.webp","type":"image\/webp"}],"author":"Jo\u00e3o Marcondes","twitter_card":"summary_large_image","twitter_misc":{"Escrito por":"Jo\u00e3o Marcondes","Est. tempo de leitura":"5 minutos"},"schema":{"@context":"https:\/\/schema.org","@graph":[{"@type":"Article","@id":"https:\/\/souzalima.com.br\/blog\/como-escrever-uma-partitura-quanto-a-duracao-parte-2\/#article","isPartOf":{"@id":"https:\/\/souzalima.com.br\/blog\/como-escrever-uma-partitura-quanto-a-duracao-parte-2\/"},"author":{"name":"Jo\u00e3o Marcondes","@id":"https:\/\/souzalima.com.br\/blog\/#\/schema\/person\/f6aad8444e58fb11121a921b22bed6ae"},"headline":"Como escrever uma partitura quanto a dura\u00e7\u00e3o? Parte 2","datePublished":"2020-01-24T17:20:04+00:00","dateModified":"2025-06-06T19:38:37+00:00","mainEntityOfPage":{"@id":"https:\/\/souzalima.com.br\/blog\/como-escrever-uma-partitura-quanto-a-duracao-parte-2\/"},"wordCount":673,"commentCount":0,"publisher":{"@id":"https:\/\/souzalima.com.br\/blog\/#organization"},"image":{"@id":"https:\/\/souzalima.com.br\/blog\/como-escrever-uma-partitura-quanto-a-duracao-parte-2\/#primaryimage"},"thumbnailUrl":"https:\/\/souzalima.com.br\/blog\/wp-content\/uploads\/2024\/09\/ligadura.webp","keywords":["blog souza lima","como escrever uma partitura quanto a dura\u00e7\u00e3o","destaques","jo\u00e3o marcondes"],"articleSection":["Estudo"],"inLanguage":"pt-BR","potentialAction":[{"@type":"CommentAction","name":"Comment","target":["https:\/\/souzalima.com.br\/blog\/como-escrever-uma-partitura-quanto-a-duracao-parte-2\/#respond"]}]},{"@type":"WebPage","@id":"https:\/\/souzalima.com.br\/blog\/como-escrever-uma-partitura-quanto-a-duracao-parte-2\/","url":"https:\/\/souzalima.com.br\/blog\/como-escrever-uma-partitura-quanto-a-duracao-parte-2\/","name":"Escrita de Partituras: Dura\u00e7\u00e3o das Notas 2 | Teoria Musical","isPartOf":{"@id":"https:\/\/souzalima.com.br\/blog\/#website"},"primaryImageOfPage":{"@id":"https:\/\/souzalima.com.br\/blog\/como-escrever-uma-partitura-quanto-a-duracao-parte-2\/#primaryimage"},"image":{"@id":"https:\/\/souzalima.com.br\/blog\/como-escrever-uma-partitura-quanto-a-duracao-parte-2\/#primaryimage"},"thumbnailUrl":"https:\/\/souzalima.com.br\/blog\/wp-content\/uploads\/2024\/09\/ligadura.webp","datePublished":"2020-01-24T17:20:04+00:00","dateModified":"2025-06-06T19:38:37+00:00","description":"D\u00ea continuidade ao estudo da dura\u00e7\u00e3o das notas na partitura. Aprimore sua escrita musical com a parte 2 da s\u00e9rie no blog da Souza Lima!","breadcrumb":{"@id":"https:\/\/souzalima.com.br\/blog\/como-escrever-uma-partitura-quanto-a-duracao-parte-2\/#breadcrumb"},"inLanguage":"pt-BR","potentialAction":[{"@type":"ReadAction","target":["https:\/\/souzalima.com.br\/blog\/como-escrever-uma-partitura-quanto-a-duracao-parte-2\/"]}]},{"@type":"ImageObject","inLanguage":"pt-BR","@id":"https:\/\/souzalima.com.br\/blog\/como-escrever-uma-partitura-quanto-a-duracao-parte-2\/#primaryimage","url":"https:\/\/souzalima.com.br\/blog\/wp-content\/uploads\/2024\/09\/ligadura.webp","contentUrl":"https:\/\/souzalima.com.br\/blog\/wp-content\/uploads\/2024\/09\/ligadura.webp","width":559,"height":397},{"@type":"BreadcrumbList","@id":"https:\/\/souzalima.com.br\/blog\/como-escrever-uma-partitura-quanto-a-duracao-parte-2\/#breadcrumb","itemListElement":[{"@type":"ListItem","position":1,"name":"In\u00edcio","item":"https:\/\/souzalima.com.br\/blog\/"},{"@type":"ListItem","position":2,"name":"Como escrever uma partitura quanto a dura\u00e7\u00e3o? Parte 2"}]},{"@type":"WebSite","@id":"https:\/\/souzalima.com.br\/blog\/#website","url":"https:\/\/souzalima.com.br\/blog\/","name":"Blog Souza Lima","description":"Descubra o universo musical com o Blog Souza Lima! ","publisher":{"@id":"https:\/\/souzalima.com.br\/blog\/#organization"},"potentialAction":[{"@type":"SearchAction","target":{"@type":"EntryPoint","urlTemplate":"https:\/\/souzalima.com.br\/blog\/?s={search_term_string}"},"query-input":{"@type":"PropertyValueSpecification","valueRequired":true,"valueName":"search_term_string"}}],"inLanguage":"pt-BR"},{"@type":"Organization","@id":"https:\/\/souzalima.com.br\/blog\/#organization","name":"Blog Souza Lima","url":"https:\/\/souzalima.com.br\/blog\/","logo":{"@type":"ImageObject","inLanguage":"pt-BR","@id":"https:\/\/souzalima.com.br\/blog\/#\/schema\/logo\/image\/","url":"https:\/\/souzalima.com.br\/blog\/wp-content\/uploads\/2024\/04\/logo-blog-escuro.png","contentUrl":"https:\/\/souzalima.com.br\/blog\/wp-content\/uploads\/2024\/04\/logo-blog-escuro.png","width":700,"height":360,"caption":"Blog Souza Lima"},"image":{"@id":"https:\/\/souzalima.com.br\/blog\/#\/schema\/logo\/image\/"},"sameAs":["https:\/\/www.facebook.com\/souzalimaoficial","https:\/\/www.instagram.com\/souzalimaoficial\/","https:\/\/www.tiktok.com\/@souzalimaoficial"]},{"@type":"Person","@id":"https:\/\/souzalima.com.br\/blog\/#\/schema\/person\/f6aad8444e58fb11121a921b22bed6ae","name":"Jo\u00e3o Marcondes","image":{"@type":"ImageObject","inLanguage":"pt-BR","@id":"https:\/\/secure.gravatar.com\/avatar\/9ceaf49983887d9fed6c838ba33a97c89f1e3f2836978af414e1b7cf88be2678?s=96&d=mm&r=g","url":"https:\/\/secure.gravatar.com\/avatar\/9ceaf49983887d9fed6c838ba33a97c89f1e3f2836978af414e1b7cf88be2678?s=96&d=mm&r=g","contentUrl":"https:\/\/secure.gravatar.com\/avatar\/9ceaf49983887d9fed6c838ba33a97c89f1e3f2836978af414e1b7cf88be2678?s=96&d=mm&r=g","caption":"Jo\u00e3o Marcondes"},"url":"https:\/\/souzalima.com.br\/blog\/author\/joao\/"}]}},"_links":{"self":[{"href":"https:\/\/souzalima.com.br\/blog\/wp-json\/wp\/v2\/posts\/20709","targetHints":{"allow":["GET"]}}],"collection":[{"href":"https:\/\/souzalima.com.br\/blog\/wp-json\/wp\/v2\/posts"}],"about":[{"href":"https:\/\/souzalima.com.br\/blog\/wp-json\/wp\/v2\/types\/post"}],"author":[{"embeddable":true,"href":"https:\/\/souzalima.com.br\/blog\/wp-json\/wp\/v2\/users\/3"}],"replies":[{"embeddable":true,"href":"https:\/\/souzalima.com.br\/blog\/wp-json\/wp\/v2\/comments?post=20709"}],"version-history":[{"count":1,"href":"https:\/\/souzalima.com.br\/blog\/wp-json\/wp\/v2\/posts\/20709\/revisions"}],"predecessor-version":[{"id":20710,"href":"https:\/\/souzalima.com.br\/blog\/wp-json\/wp\/v2\/posts\/20709\/revisions\/20710"}],"wp:featuredmedia":[{"embeddable":true,"href":"https:\/\/souzalima.com.br\/blog\/wp-json\/wp\/v2\/media\/20336"}],"wp:attachment":[{"href":"https:\/\/souzalima.com.br\/blog\/wp-json\/wp\/v2\/media?parent=20709"}],"wp:term":[{"taxonomy":"category","embeddable":true,"href":"https:\/\/souzalima.com.br\/blog\/wp-json\/wp\/v2\/categories?post=20709"},{"taxonomy":"post_tag","embeddable":true,"href":"https:\/\/souzalima.com.br\/blog\/wp-json\/wp\/v2\/tags?post=20709"}],"curies":[{"name":"wp","href":"https:\/\/api.w.org\/{rel}","templated":true}]}}