{"id":20663,"date":"2019-11-11T13:30:13","date_gmt":"2019-11-11T16:30:13","guid":{"rendered":"https:\/\/souzalima.com.br\/blog\/?p=20663"},"modified":"2024-09-24T13:32:12","modified_gmt":"2024-09-24T16:32:12","slug":"o-que-sao-inversoes-de-acorde","status":"publish","type":"post","link":"https:\/\/souzalima.com.br\/blog\/o-que-sao-inversoes-de-acorde\/","title":{"rendered":"O que s\u00e3o invers\u00f5es de acorde?"},"content":{"rendered":"<h2><strong>O que s\u00e3o invers\u00f5es de acorde?<\/strong><\/h2>\n<p><em><strong>Acorde \u00e9 um conjunto de notas, apresentado de maneira harm\u00f4nica, ou que mesmo a seguir de uma execu\u00e7\u00e3o mel\u00f3dica, ressoe associando-se.<\/strong><\/em><\/p>\n<p><em><strong>Assim: Uma invers\u00e3o de acorde ocorre quando\u00a0 por algum motivo est\u00e9tico, o acorde deixa de ter a fundamental como som mais grave.<\/strong><\/em><\/p>\n<p><em><strong>Por exemplo:<\/strong><\/em> o termo d\u00f3 maior representa o conjunto de notas, tr\u00edade, d\u00f3 | mi | sol.<\/p>\n<p>Se a nota d\u00f3 est\u00e1 apresentada como nota mais grave considera-se posi\u00e7\u00e3o fundamental da tr\u00edade.<\/p>\n<p>Se a nota mi, ter\u00e7a do acorde est\u00e1 apresentada como nota mais grave, considera-se primeira invers\u00e3o da tr\u00edade.<\/p>\n<p>Se a nota sol, quinta do acorde est\u00e1 apresentada como nota mais grave, considera-se segunda invers\u00e3o da tr\u00edade.<\/p>\n<p><strong><em>Por exemplo:<\/em> <\/strong>o termo d\u00f3 maior com s\u00e9tima maior representa o conjunto de notas, t\u00e9trade, d\u00f3 | mi | sol | si.<\/p>\n<p>Se a nota d\u00f3 est\u00e1 apresentada como nota mais grave considera-se posi\u00e7\u00e3o fundamental da t\u00e9trade.<\/p>\n<p>Se a nota mi, ter\u00e7a do acorde est\u00e1 apresentada como nota mais grave, considera-se primeira invers\u00e3o da t\u00e9trade.<\/p>\n<p>Se a nota sol, quinta do acorde est\u00e1 apresentada como nota mais grave, considera-se segunda invers\u00e3o da t\u00e9trade.<\/p>\n<p>Se a nota si, s\u00e9tima do acorde est\u00e1 apresentada como nota mais grave, considera-se terceira invers\u00e3o da t\u00e9trade.<\/p>\n<h2><strong>Observa\u00e7\u00f5es:<\/strong><\/h2>\n<p>1| \u00c9 comum que se confunda o conceito de invers\u00e3o enumerando a posi\u00e7\u00e3o fundamental como part\u00edcipe. Posi\u00e7\u00e3o fundamental n\u00e3o \u00e9 uma invers\u00e3o. Observe que uma tr\u00edade pode se estabelecer em duas invers\u00f5es, e na posi\u00e7\u00e3o fundamental; e que uma t\u00e9trade pode se estabelecer em tr\u00eas invers\u00f5es, e na posi\u00e7\u00e3o fundamental.<\/p>\n<p>2| Uma invers\u00e3o \u00e9 representada em cifras com uma barra transversal, pautando no baixo a nota do conjunto mais grave que est\u00e1 sendo tocada, ou que dever\u00e1 ser tocada.<\/p>\n<p>3| A teoria do baixo cifrado representa as invers\u00f5es com composi\u00e7\u00f5es num\u00e9ricas, que determinam o som apresentado como o mais grave sem propor distribui\u00e7\u00e3o.<\/p>\n<p>4| A invers\u00e3o de um acorde tem invariavelmente o conjunto como fonte. Ou seja, n\u00e3o h\u00e1 acorde invertido com uma nota que n\u00e3o fa\u00e7a parte da estrutura da tr\u00edade ou t\u00e9trade. Se est\u00e1 pautado assim trata-se de uma abrevia\u00e7\u00e3o ou erro, n\u00e3o de uma invers\u00e3o.<\/p>\n<p><strong><em>Gostou da publica\u00e7\u00e3o?<\/em><\/strong><\/p>\n<h2><strong>#VemProSouzaLima<\/strong><\/h2>\n","protected":false},"excerpt":{"rendered":"<p>O que s\u00e3o invers\u00f5es de acorde? Acorde \u00e9 um conjunto de notas, apresentado de maneira harm\u00f4nica, ou que mesmo a seguir de uma execu\u00e7\u00e3o mel\u00f3dica, ressoe associando-se. Assim: Uma invers\u00e3o de acorde ocorre quando\u00a0 por algum motivo est\u00e9tico, o acorde deixa de ter a fundamental&#8230;<\/p>\n","protected":false},"author":3,"featured_media":20664,"comment_status":"open","ping_status":"open","sticky":false,"template":"","format":"standard","meta":{"footnotes":""},"categories":[12,388],"tags":[115,368,7,524],"class_list":["post-20663","post","type-post","status-publish","format-standard","has-post-thumbnail","hentry","category-estudo","category-glossario","tag-blog-souza-lima","tag-destaques","tag-joao-marcondes","tag-o-que-sao-inversoes-de-acorde"],"yoast_head":"<!-- This site is optimized with the Yoast SEO plugin v27.2 - https:\/\/yoast.com\/product\/yoast-seo-wordpress\/ -->\n<title>O que s\u00e3o invers\u00f5es de acorde? - Blog Souza Lima<\/title>\n<meta name=\"robots\" content=\"index, follow, max-snippet:-1, max-image-preview:large, max-video-preview:-1\" \/>\n<link rel=\"canonical\" href=\"https:\/\/souzalima.com.br\/blog\/o-que-sao-inversoes-de-acorde\/\" \/>\n<meta property=\"og:locale\" content=\"pt_BR\" \/>\n<meta property=\"og:type\" content=\"article\" \/>\n<meta property=\"og:title\" content=\"O que s\u00e3o invers\u00f5es de acorde? - Blog Souza Lima\" \/>\n<meta property=\"og:description\" content=\"O que s\u00e3o invers\u00f5es de acorde? Acorde \u00e9 um conjunto de notas, apresentado de maneira harm\u00f4nica, ou que mesmo a seguir de uma execu\u00e7\u00e3o mel\u00f3dica, ressoe associando-se. Assim: Uma invers\u00e3o de acorde ocorre quando\u00a0 por algum motivo est\u00e9tico, o acorde deixa de ter a fundamental...\" \/>\n<meta property=\"og:url\" content=\"https:\/\/souzalima.com.br\/blog\/o-que-sao-inversoes-de-acorde\/\" \/>\n<meta property=\"og:site_name\" content=\"Blog Souza Lima\" \/>\n<meta property=\"article:publisher\" content=\"https:\/\/www.facebook.com\/souzalimaoficial\" \/>\n<meta property=\"article:published_time\" content=\"2019-11-11T16:30:13+00:00\" \/>\n<meta property=\"article:modified_time\" content=\"2024-09-24T16:32:12+00:00\" \/>\n<meta property=\"og:image\" content=\"https:\/\/souzalima.com.br\/blog\/wp-content\/uploads\/2024\/09\/inversoes-534x462-1.webp\" \/>\n\t<meta property=\"og:image:width\" content=\"534\" \/>\n\t<meta property=\"og:image:height\" content=\"462\" \/>\n\t<meta property=\"og:image:type\" content=\"image\/webp\" \/>\n<meta name=\"author\" content=\"Jo\u00e3o Marcondes\" \/>\n<meta name=\"twitter:card\" content=\"summary_large_image\" \/>\n<meta name=\"twitter:label1\" content=\"Escrito por\" \/>\n\t<meta name=\"twitter:data1\" content=\"Jo\u00e3o Marcondes\" \/>\n\t<meta name=\"twitter:label2\" content=\"Est. tempo de leitura\" \/>\n\t<meta name=\"twitter:data2\" content=\"3 minutos\" \/>\n<script type=\"application\/ld+json\" class=\"yoast-schema-graph\">{\"@context\":\"https:\/\/schema.org\",\"@graph\":[{\"@type\":\"Article\",\"@id\":\"https:\/\/souzalima.com.br\/blog\/o-que-sao-inversoes-de-acorde\/#article\",\"isPartOf\":{\"@id\":\"https:\/\/souzalima.com.br\/blog\/o-que-sao-inversoes-de-acorde\/\"},\"author\":{\"name\":\"Jo\u00e3o Marcondes\",\"@id\":\"https:\/\/souzalima.com.br\/blog\/#\/schema\/person\/f6aad8444e58fb11121a921b22bed6ae\"},\"headline\":\"O que s\u00e3o invers\u00f5es de acorde?\",\"datePublished\":\"2019-11-11T16:30:13+00:00\",\"dateModified\":\"2024-09-24T16:32:12+00:00\",\"mainEntityOfPage\":{\"@id\":\"https:\/\/souzalima.com.br\/blog\/o-que-sao-inversoes-de-acorde\/\"},\"wordCount\":412,\"commentCount\":0,\"publisher\":{\"@id\":\"https:\/\/souzalima.com.br\/blog\/#organization\"},\"image\":{\"@id\":\"https:\/\/souzalima.com.br\/blog\/o-que-sao-inversoes-de-acorde\/#primaryimage\"},\"thumbnailUrl\":\"https:\/\/souzalima.com.br\/blog\/wp-content\/uploads\/2024\/09\/inversoes-534x462-1.webp\",\"keywords\":[\"blog souza lima\",\"destaques\",\"jo\u00e3o marcondes\",\"o que s\u00e3o invers\u00f5es de acorde\"],\"articleSection\":[\"Estudo\",\"Gloss\u00e1rio\"],\"inLanguage\":\"pt-BR\",\"potentialAction\":[{\"@type\":\"CommentAction\",\"name\":\"Comment\",\"target\":[\"https:\/\/souzalima.com.br\/blog\/o-que-sao-inversoes-de-acorde\/#respond\"]}]},{\"@type\":\"WebPage\",\"@id\":\"https:\/\/souzalima.com.br\/blog\/o-que-sao-inversoes-de-acorde\/\",\"url\":\"https:\/\/souzalima.com.br\/blog\/o-que-sao-inversoes-de-acorde\/\",\"name\":\"O que s\u00e3o invers\u00f5es de acorde? - Blog Souza Lima\",\"isPartOf\":{\"@id\":\"https:\/\/souzalima.com.br\/blog\/#website\"},\"primaryImageOfPage\":{\"@id\":\"https:\/\/souzalima.com.br\/blog\/o-que-sao-inversoes-de-acorde\/#primaryimage\"},\"image\":{\"@id\":\"https:\/\/souzalima.com.br\/blog\/o-que-sao-inversoes-de-acorde\/#primaryimage\"},\"thumbnailUrl\":\"https:\/\/souzalima.com.br\/blog\/wp-content\/uploads\/2024\/09\/inversoes-534x462-1.webp\",\"datePublished\":\"2019-11-11T16:30:13+00:00\",\"dateModified\":\"2024-09-24T16:32:12+00:00\",\"breadcrumb\":{\"@id\":\"https:\/\/souzalima.com.br\/blog\/o-que-sao-inversoes-de-acorde\/#breadcrumb\"},\"inLanguage\":\"pt-BR\",\"potentialAction\":[{\"@type\":\"ReadAction\",\"target\":[\"https:\/\/souzalima.com.br\/blog\/o-que-sao-inversoes-de-acorde\/\"]}]},{\"@type\":\"ImageObject\",\"inLanguage\":\"pt-BR\",\"@id\":\"https:\/\/souzalima.com.br\/blog\/o-que-sao-inversoes-de-acorde\/#primaryimage\",\"url\":\"https:\/\/souzalima.com.br\/blog\/wp-content\/uploads\/2024\/09\/inversoes-534x462-1.webp\",\"contentUrl\":\"https:\/\/souzalima.com.br\/blog\/wp-content\/uploads\/2024\/09\/inversoes-534x462-1.webp\",\"width\":534,\"height\":462},{\"@type\":\"BreadcrumbList\",\"@id\":\"https:\/\/souzalima.com.br\/blog\/o-que-sao-inversoes-de-acorde\/#breadcrumb\",\"itemListElement\":[{\"@type\":\"ListItem\",\"position\":1,\"name\":\"In\u00edcio\",\"item\":\"https:\/\/souzalima.com.br\/blog\/\"},{\"@type\":\"ListItem\",\"position\":2,\"name\":\"O que s\u00e3o invers\u00f5es de acorde?\"}]},{\"@type\":\"WebSite\",\"@id\":\"https:\/\/souzalima.com.br\/blog\/#website\",\"url\":\"https:\/\/souzalima.com.br\/blog\/\",\"name\":\"Blog Souza Lima\",\"description\":\"Descubra o universo musical com o Blog Souza Lima! \",\"publisher\":{\"@id\":\"https:\/\/souzalima.com.br\/blog\/#organization\"},\"potentialAction\":[{\"@type\":\"SearchAction\",\"target\":{\"@type\":\"EntryPoint\",\"urlTemplate\":\"https:\/\/souzalima.com.br\/blog\/?s={search_term_string}\"},\"query-input\":{\"@type\":\"PropertyValueSpecification\",\"valueRequired\":true,\"valueName\":\"search_term_string\"}}],\"inLanguage\":\"pt-BR\"},{\"@type\":\"Organization\",\"@id\":\"https:\/\/souzalima.com.br\/blog\/#organization\",\"name\":\"Blog Souza Lima\",\"url\":\"https:\/\/souzalima.com.br\/blog\/\",\"logo\":{\"@type\":\"ImageObject\",\"inLanguage\":\"pt-BR\",\"@id\":\"https:\/\/souzalima.com.br\/blog\/#\/schema\/logo\/image\/\",\"url\":\"https:\/\/souzalima.com.br\/blog\/wp-content\/uploads\/2024\/04\/logo-blog-escuro.png\",\"contentUrl\":\"https:\/\/souzalima.com.br\/blog\/wp-content\/uploads\/2024\/04\/logo-blog-escuro.png\",\"width\":700,\"height\":360,\"caption\":\"Blog Souza Lima\"},\"image\":{\"@id\":\"https:\/\/souzalima.com.br\/blog\/#\/schema\/logo\/image\/\"},\"sameAs\":[\"https:\/\/www.facebook.com\/souzalimaoficial\",\"https:\/\/www.instagram.com\/souzalimaoficial\/\",\"https:\/\/www.tiktok.com\/@souzalimaoficial\"]},{\"@type\":\"Person\",\"@id\":\"https:\/\/souzalima.com.br\/blog\/#\/schema\/person\/f6aad8444e58fb11121a921b22bed6ae\",\"name\":\"Jo\u00e3o Marcondes\",\"image\":{\"@type\":\"ImageObject\",\"inLanguage\":\"pt-BR\",\"@id\":\"https:\/\/secure.gravatar.com\/avatar\/9ceaf49983887d9fed6c838ba33a97c89f1e3f2836978af414e1b7cf88be2678?s=96&d=mm&r=g\",\"url\":\"https:\/\/secure.gravatar.com\/avatar\/9ceaf49983887d9fed6c838ba33a97c89f1e3f2836978af414e1b7cf88be2678?s=96&d=mm&r=g\",\"contentUrl\":\"https:\/\/secure.gravatar.com\/avatar\/9ceaf49983887d9fed6c838ba33a97c89f1e3f2836978af414e1b7cf88be2678?s=96&d=mm&r=g\",\"caption\":\"Jo\u00e3o Marcondes\"},\"url\":\"https:\/\/souzalima.com.br\/blog\/author\/joao\/\"}]}<\/script>\n<!-- \/ Yoast SEO plugin. -->","yoast_head_json":{"title":"O que s\u00e3o invers\u00f5es de acorde? - Blog Souza Lima","robots":{"index":"index","follow":"follow","max-snippet":"max-snippet:-1","max-image-preview":"max-image-preview:large","max-video-preview":"max-video-preview:-1"},"canonical":"https:\/\/souzalima.com.br\/blog\/o-que-sao-inversoes-de-acorde\/","og_locale":"pt_BR","og_type":"article","og_title":"O que s\u00e3o invers\u00f5es de acorde? - Blog Souza Lima","og_description":"O que s\u00e3o invers\u00f5es de acorde? Acorde \u00e9 um conjunto de notas, apresentado de maneira harm\u00f4nica, ou que mesmo a seguir de uma execu\u00e7\u00e3o mel\u00f3dica, ressoe associando-se. Assim: Uma invers\u00e3o de acorde ocorre quando\u00a0 por algum motivo est\u00e9tico, o acorde deixa de ter a fundamental...","og_url":"https:\/\/souzalima.com.br\/blog\/o-que-sao-inversoes-de-acorde\/","og_site_name":"Blog Souza Lima","article_publisher":"https:\/\/www.facebook.com\/souzalimaoficial","article_published_time":"2019-11-11T16:30:13+00:00","article_modified_time":"2024-09-24T16:32:12+00:00","og_image":[{"width":534,"height":462,"url":"https:\/\/souzalima.com.br\/blog\/wp-content\/uploads\/2024\/09\/inversoes-534x462-1.webp","type":"image\/webp"}],"author":"Jo\u00e3o Marcondes","twitter_card":"summary_large_image","twitter_misc":{"Escrito por":"Jo\u00e3o Marcondes","Est. tempo de leitura":"3 minutos"},"schema":{"@context":"https:\/\/schema.org","@graph":[{"@type":"Article","@id":"https:\/\/souzalima.com.br\/blog\/o-que-sao-inversoes-de-acorde\/#article","isPartOf":{"@id":"https:\/\/souzalima.com.br\/blog\/o-que-sao-inversoes-de-acorde\/"},"author":{"name":"Jo\u00e3o Marcondes","@id":"https:\/\/souzalima.com.br\/blog\/#\/schema\/person\/f6aad8444e58fb11121a921b22bed6ae"},"headline":"O que s\u00e3o invers\u00f5es de acorde?","datePublished":"2019-11-11T16:30:13+00:00","dateModified":"2024-09-24T16:32:12+00:00","mainEntityOfPage":{"@id":"https:\/\/souzalima.com.br\/blog\/o-que-sao-inversoes-de-acorde\/"},"wordCount":412,"commentCount":0,"publisher":{"@id":"https:\/\/souzalima.com.br\/blog\/#organization"},"image":{"@id":"https:\/\/souzalima.com.br\/blog\/o-que-sao-inversoes-de-acorde\/#primaryimage"},"thumbnailUrl":"https:\/\/souzalima.com.br\/blog\/wp-content\/uploads\/2024\/09\/inversoes-534x462-1.webp","keywords":["blog souza lima","destaques","jo\u00e3o marcondes","o que s\u00e3o invers\u00f5es de acorde"],"articleSection":["Estudo","Gloss\u00e1rio"],"inLanguage":"pt-BR","potentialAction":[{"@type":"CommentAction","name":"Comment","target":["https:\/\/souzalima.com.br\/blog\/o-que-sao-inversoes-de-acorde\/#respond"]}]},{"@type":"WebPage","@id":"https:\/\/souzalima.com.br\/blog\/o-que-sao-inversoes-de-acorde\/","url":"https:\/\/souzalima.com.br\/blog\/o-que-sao-inversoes-de-acorde\/","name":"O que s\u00e3o invers\u00f5es de acorde? - Blog Souza Lima","isPartOf":{"@id":"https:\/\/souzalima.com.br\/blog\/#website"},"primaryImageOfPage":{"@id":"https:\/\/souzalima.com.br\/blog\/o-que-sao-inversoes-de-acorde\/#primaryimage"},"image":{"@id":"https:\/\/souzalima.com.br\/blog\/o-que-sao-inversoes-de-acorde\/#primaryimage"},"thumbnailUrl":"https:\/\/souzalima.com.br\/blog\/wp-content\/uploads\/2024\/09\/inversoes-534x462-1.webp","datePublished":"2019-11-11T16:30:13+00:00","dateModified":"2024-09-24T16:32:12+00:00","breadcrumb":{"@id":"https:\/\/souzalima.com.br\/blog\/o-que-sao-inversoes-de-acorde\/#breadcrumb"},"inLanguage":"pt-BR","potentialAction":[{"@type":"ReadAction","target":["https:\/\/souzalima.com.br\/blog\/o-que-sao-inversoes-de-acorde\/"]}]},{"@type":"ImageObject","inLanguage":"pt-BR","@id":"https:\/\/souzalima.com.br\/blog\/o-que-sao-inversoes-de-acorde\/#primaryimage","url":"https:\/\/souzalima.com.br\/blog\/wp-content\/uploads\/2024\/09\/inversoes-534x462-1.webp","contentUrl":"https:\/\/souzalima.com.br\/blog\/wp-content\/uploads\/2024\/09\/inversoes-534x462-1.webp","width":534,"height":462},{"@type":"BreadcrumbList","@id":"https:\/\/souzalima.com.br\/blog\/o-que-sao-inversoes-de-acorde\/#breadcrumb","itemListElement":[{"@type":"ListItem","position":1,"name":"In\u00edcio","item":"https:\/\/souzalima.com.br\/blog\/"},{"@type":"ListItem","position":2,"name":"O que s\u00e3o invers\u00f5es de acorde?"}]},{"@type":"WebSite","@id":"https:\/\/souzalima.com.br\/blog\/#website","url":"https:\/\/souzalima.com.br\/blog\/","name":"Blog Souza Lima","description":"Descubra o universo musical com o Blog Souza Lima! ","publisher":{"@id":"https:\/\/souzalima.com.br\/blog\/#organization"},"potentialAction":[{"@type":"SearchAction","target":{"@type":"EntryPoint","urlTemplate":"https:\/\/souzalima.com.br\/blog\/?s={search_term_string}"},"query-input":{"@type":"PropertyValueSpecification","valueRequired":true,"valueName":"search_term_string"}}],"inLanguage":"pt-BR"},{"@type":"Organization","@id":"https:\/\/souzalima.com.br\/blog\/#organization","name":"Blog Souza Lima","url":"https:\/\/souzalima.com.br\/blog\/","logo":{"@type":"ImageObject","inLanguage":"pt-BR","@id":"https:\/\/souzalima.com.br\/blog\/#\/schema\/logo\/image\/","url":"https:\/\/souzalima.com.br\/blog\/wp-content\/uploads\/2024\/04\/logo-blog-escuro.png","contentUrl":"https:\/\/souzalima.com.br\/blog\/wp-content\/uploads\/2024\/04\/logo-blog-escuro.png","width":700,"height":360,"caption":"Blog Souza Lima"},"image":{"@id":"https:\/\/souzalima.com.br\/blog\/#\/schema\/logo\/image\/"},"sameAs":["https:\/\/www.facebook.com\/souzalimaoficial","https:\/\/www.instagram.com\/souzalimaoficial\/","https:\/\/www.tiktok.com\/@souzalimaoficial"]},{"@type":"Person","@id":"https:\/\/souzalima.com.br\/blog\/#\/schema\/person\/f6aad8444e58fb11121a921b22bed6ae","name":"Jo\u00e3o Marcondes","image":{"@type":"ImageObject","inLanguage":"pt-BR","@id":"https:\/\/secure.gravatar.com\/avatar\/9ceaf49983887d9fed6c838ba33a97c89f1e3f2836978af414e1b7cf88be2678?s=96&d=mm&r=g","url":"https:\/\/secure.gravatar.com\/avatar\/9ceaf49983887d9fed6c838ba33a97c89f1e3f2836978af414e1b7cf88be2678?s=96&d=mm&r=g","contentUrl":"https:\/\/secure.gravatar.com\/avatar\/9ceaf49983887d9fed6c838ba33a97c89f1e3f2836978af414e1b7cf88be2678?s=96&d=mm&r=g","caption":"Jo\u00e3o Marcondes"},"url":"https:\/\/souzalima.com.br\/blog\/author\/joao\/"}]}},"_links":{"self":[{"href":"https:\/\/souzalima.com.br\/blog\/wp-json\/wp\/v2\/posts\/20663","targetHints":{"allow":["GET"]}}],"collection":[{"href":"https:\/\/souzalima.com.br\/blog\/wp-json\/wp\/v2\/posts"}],"about":[{"href":"https:\/\/souzalima.com.br\/blog\/wp-json\/wp\/v2\/types\/post"}],"author":[{"embeddable":true,"href":"https:\/\/souzalima.com.br\/blog\/wp-json\/wp\/v2\/users\/3"}],"replies":[{"embeddable":true,"href":"https:\/\/souzalima.com.br\/blog\/wp-json\/wp\/v2\/comments?post=20663"}],"version-history":[{"count":1,"href":"https:\/\/souzalima.com.br\/blog\/wp-json\/wp\/v2\/posts\/20663\/revisions"}],"predecessor-version":[{"id":20665,"href":"https:\/\/souzalima.com.br\/blog\/wp-json\/wp\/v2\/posts\/20663\/revisions\/20665"}],"wp:featuredmedia":[{"embeddable":true,"href":"https:\/\/souzalima.com.br\/blog\/wp-json\/wp\/v2\/media\/20664"}],"wp:attachment":[{"href":"https:\/\/souzalima.com.br\/blog\/wp-json\/wp\/v2\/media?parent=20663"}],"wp:term":[{"taxonomy":"category","embeddable":true,"href":"https:\/\/souzalima.com.br\/blog\/wp-json\/wp\/v2\/categories?post=20663"},{"taxonomy":"post_tag","embeddable":true,"href":"https:\/\/souzalima.com.br\/blog\/wp-json\/wp\/v2\/tags?post=20663"}],"curies":[{"name":"wp","href":"https:\/\/api.w.org\/{rel}","templated":true}]}}