{"id":20589,"date":"2019-09-25T10:47:33","date_gmt":"2019-09-25T13:47:33","guid":{"rendered":"https:\/\/souzalima.com.br\/blog\/?p=20589"},"modified":"2025-10-27T16:59:28","modified_gmt":"2025-10-27T19:59:28","slug":"o-que-e-polifonia-em-musica","status":"publish","type":"post","link":"https:\/\/souzalima.com.br\/blog\/o-que-e-polifonia-em-musica\/","title":{"rendered":"O que \u00e9 polifonia em m\u00fasica?"},"content":{"rendered":"<h2><strong>O que \u00e9 polifonia em m\u00fasica?<\/strong><\/h2>\n<p>Polifonia \u00e9 uma pr\u00e1tica musical constitu\u00edda na interrela\u00e7\u00e3o de melodias, entre duas ou quatro vozes que ao se comportar de maneira mel\u00f3dica constituem rela\u00e7\u00f5es harm\u00f4nicas.<\/p>\n<p>A pr\u00e1tica polif\u00f4nica \u00e9 uma contraposi\u00e7\u00e3o natural a pr\u00e1tica homof\u00f4nica, esta que em tradu\u00e7\u00e3o n\u00e3o literal significa vozes similares, do grego, algo como un\u00edssono.<\/p>\n<p>A polifonia \u00e9 uma pr\u00e1tica que remete ao estilo Renascentista, onde se consolidou, e barroco, onde encontrou seu apogeu e decl\u00ednio.<\/p>\n<p>A m\u00fasica cl\u00e1ssica, por exemplo, ao se estabelecer abandonou substancialmente as pr\u00e1ticas polif\u00f4nicas, adotando o conceito que se pode dizer de <strong>camadas,<\/strong> em uma vis\u00e3o contempor\u00e2nea \u2013 onde h\u00e1 uma melodia protagonista, uma outra camada de contraposi\u00e7\u00e3o e outra de acompanhamento.<\/p>\n<p>A polifonia tem seu primeiro respiro nos agrupamentos vocais, como pr\u00e1tica do organum medieval, quando havia uma melodia principal, conhecida como cantus firmus, e uma contraposi\u00e7\u00e3o livre ou melism\u00e1tica.<\/p>\n<p>A partir do renascimento as vozes se organizaram, e a polifonia se consolidou como um conceito de melodias livres, independentes (embora interdependentes, ou relacionadas).<\/p>\n<p>O resultado dessas melodias polif\u00f4nicas resultou justamente no processo conhecido como harmonia.<\/p>\n<p>A polifonia remete ent\u00e3o aos processos de estudo da harmonia tradicional e do contraponto, nos estudos que realizamos na forma\u00e7\u00e3o do musicista.<\/p>\n<h2><strong>Como sugest\u00e3o que tal ouvir Palestrina para perceber a pr\u00e1tica polif\u00f4nica?<\/strong><\/h2>\n<p>Esse artigo tende a crescer bastante, acompanhe!<\/p>\n<p><iframe loading=\"lazy\" title=\"Palestrina, Missa Papae Marcelli. The Tallis Scholars, Peter Phillips\" src=\"https:\/\/www.youtube.com\/embed\/BRfF7W4El60?feature=oembed\" width=\"100%\" height=\"392\" frameborder=\"0\" allowfullscreen=\"allowfullscreen\" data-mce-fragment=\"1\"><\/iframe><\/p>\n<div class=\"td-a-rec td-a-rec-id-content_bottom  tdi_2 td_block_template_1\">#VemProSouzaLima<\/div>\n","protected":false},"excerpt":{"rendered":"<p>O que \u00e9 polifonia em m\u00fasica? Polifonia \u00e9 uma pr\u00e1tica musical constitu\u00edda na interrela\u00e7\u00e3o de melodias, entre duas ou quatro vozes que ao se comportar de maneira mel\u00f3dica constituem rela\u00e7\u00f5es harm\u00f4nicas. A pr\u00e1tica polif\u00f4nica \u00e9 uma contraposi\u00e7\u00e3o natural a pr\u00e1tica homof\u00f4nica, esta que em tradu\u00e7\u00e3o&#8230;<\/p>\n","protected":false},"author":3,"featured_media":20590,"comment_status":"open","ping_status":"open","sticky":false,"template":"","format":"standard","meta":{"footnotes":""},"categories":[12,388],"tags":[115,368,7,496],"class_list":["post-20589","post","type-post","status-publish","format-standard","has-post-thumbnail","hentry","category-estudo","category-glossario","tag-blog-souza-lima","tag-destaques","tag-joao-marcondes","tag-o-que-e-polifonia-em-musica"],"yoast_head":"<!-- This site is optimized with the Yoast SEO plugin v27.2 - https:\/\/yoast.com\/product\/yoast-seo-wordpress\/ -->\n<title>O que \u00e9 polifonia em m\u00fasica? - Blog Souza Lima<\/title>\n<meta name=\"description\" content=\"Descubra o que \u00e9 polifonia em m\u00fasica: m\u00faltiplas vozes independentes que se entrela\u00e7am e criam uma textura sonora rica e harmoniosa.\" \/>\n<meta name=\"robots\" content=\"index, follow, max-snippet:-1, max-image-preview:large, max-video-preview:-1\" \/>\n<link rel=\"canonical\" href=\"https:\/\/souzalima.com.br\/blog\/o-que-e-polifonia-em-musica\/\" \/>\n<meta property=\"og:locale\" content=\"pt_BR\" \/>\n<meta property=\"og:type\" content=\"article\" \/>\n<meta property=\"og:title\" content=\"O que \u00e9 polifonia em m\u00fasica? - Blog Souza Lima\" \/>\n<meta property=\"og:description\" content=\"Descubra o que \u00e9 polifonia em m\u00fasica: m\u00faltiplas vozes independentes que se entrela\u00e7am e criam uma textura sonora rica e harmoniosa.\" \/>\n<meta property=\"og:url\" content=\"https:\/\/souzalima.com.br\/blog\/o-que-e-polifonia-em-musica\/\" \/>\n<meta property=\"og:site_name\" content=\"Blog Souza Lima\" \/>\n<meta property=\"article:publisher\" content=\"https:\/\/www.facebook.com\/souzalimaoficial\" \/>\n<meta property=\"article:published_time\" content=\"2019-09-25T13:47:33+00:00\" \/>\n<meta property=\"article:modified_time\" content=\"2025-10-27T19:59:28+00:00\" \/>\n<meta property=\"og:image\" content=\"https:\/\/souzalima.com.br\/blog\/wp-content\/uploads\/2024\/09\/coro.webp\" \/>\n\t<meta property=\"og:image:width\" content=\"559\" \/>\n\t<meta property=\"og:image:height\" content=\"397\" \/>\n\t<meta property=\"og:image:type\" content=\"image\/webp\" \/>\n<meta name=\"author\" content=\"Jo\u00e3o Marcondes\" \/>\n<meta name=\"twitter:card\" content=\"summary_large_image\" \/>\n<meta name=\"twitter:label1\" content=\"Escrito por\" \/>\n\t<meta name=\"twitter:data1\" content=\"Jo\u00e3o Marcondes\" \/>\n\t<meta name=\"twitter:label2\" content=\"Est. tempo de leitura\" \/>\n\t<meta name=\"twitter:data2\" content=\"2 minutos\" \/>\n<script type=\"application\/ld+json\" class=\"yoast-schema-graph\">{\"@context\":\"https:\/\/schema.org\",\"@graph\":[{\"@type\":\"Article\",\"@id\":\"https:\/\/souzalima.com.br\/blog\/o-que-e-polifonia-em-musica\/#article\",\"isPartOf\":{\"@id\":\"https:\/\/souzalima.com.br\/blog\/o-que-e-polifonia-em-musica\/\"},\"author\":{\"name\":\"Jo\u00e3o Marcondes\",\"@id\":\"https:\/\/souzalima.com.br\/blog\/#\/schema\/person\/f6aad8444e58fb11121a921b22bed6ae\"},\"headline\":\"O que \u00e9 polifonia em m\u00fasica?\",\"datePublished\":\"2019-09-25T13:47:33+00:00\",\"dateModified\":\"2025-10-27T19:59:28+00:00\",\"mainEntityOfPage\":{\"@id\":\"https:\/\/souzalima.com.br\/blog\/o-que-e-polifonia-em-musica\/\"},\"wordCount\":257,\"commentCount\":0,\"publisher\":{\"@id\":\"https:\/\/souzalima.com.br\/blog\/#organization\"},\"image\":{\"@id\":\"https:\/\/souzalima.com.br\/blog\/o-que-e-polifonia-em-musica\/#primaryimage\"},\"thumbnailUrl\":\"https:\/\/souzalima.com.br\/blog\/wp-content\/uploads\/2024\/09\/coro.webp\",\"keywords\":[\"blog souza lima\",\"destaques\",\"jo\u00e3o marcondes\",\"o que \u00e9 polifonia em m\u00fasica\"],\"articleSection\":[\"Estudo\",\"Gloss\u00e1rio\"],\"inLanguage\":\"pt-BR\",\"potentialAction\":[{\"@type\":\"CommentAction\",\"name\":\"Comment\",\"target\":[\"https:\/\/souzalima.com.br\/blog\/o-que-e-polifonia-em-musica\/#respond\"]}]},{\"@type\":\"WebPage\",\"@id\":\"https:\/\/souzalima.com.br\/blog\/o-que-e-polifonia-em-musica\/\",\"url\":\"https:\/\/souzalima.com.br\/blog\/o-que-e-polifonia-em-musica\/\",\"name\":\"O que \u00e9 polifonia em m\u00fasica? - Blog Souza Lima\",\"isPartOf\":{\"@id\":\"https:\/\/souzalima.com.br\/blog\/#website\"},\"primaryImageOfPage\":{\"@id\":\"https:\/\/souzalima.com.br\/blog\/o-que-e-polifonia-em-musica\/#primaryimage\"},\"image\":{\"@id\":\"https:\/\/souzalima.com.br\/blog\/o-que-e-polifonia-em-musica\/#primaryimage\"},\"thumbnailUrl\":\"https:\/\/souzalima.com.br\/blog\/wp-content\/uploads\/2024\/09\/coro.webp\",\"datePublished\":\"2019-09-25T13:47:33+00:00\",\"dateModified\":\"2025-10-27T19:59:28+00:00\",\"description\":\"Descubra o que \u00e9 polifonia em m\u00fasica: m\u00faltiplas vozes independentes que se entrela\u00e7am e criam uma textura sonora rica e harmoniosa.\",\"breadcrumb\":{\"@id\":\"https:\/\/souzalima.com.br\/blog\/o-que-e-polifonia-em-musica\/#breadcrumb\"},\"inLanguage\":\"pt-BR\",\"potentialAction\":[{\"@type\":\"ReadAction\",\"target\":[\"https:\/\/souzalima.com.br\/blog\/o-que-e-polifonia-em-musica\/\"]}]},{\"@type\":\"ImageObject\",\"inLanguage\":\"pt-BR\",\"@id\":\"https:\/\/souzalima.com.br\/blog\/o-que-e-polifonia-em-musica\/#primaryimage\",\"url\":\"https:\/\/souzalima.com.br\/blog\/wp-content\/uploads\/2024\/09\/coro.webp\",\"contentUrl\":\"https:\/\/souzalima.com.br\/blog\/wp-content\/uploads\/2024\/09\/coro.webp\",\"width\":559,\"height\":397},{\"@type\":\"BreadcrumbList\",\"@id\":\"https:\/\/souzalima.com.br\/blog\/o-que-e-polifonia-em-musica\/#breadcrumb\",\"itemListElement\":[{\"@type\":\"ListItem\",\"position\":1,\"name\":\"In\u00edcio\",\"item\":\"https:\/\/souzalima.com.br\/blog\/\"},{\"@type\":\"ListItem\",\"position\":2,\"name\":\"O que \u00e9 polifonia em m\u00fasica?\"}]},{\"@type\":\"WebSite\",\"@id\":\"https:\/\/souzalima.com.br\/blog\/#website\",\"url\":\"https:\/\/souzalima.com.br\/blog\/\",\"name\":\"Blog Souza Lima\",\"description\":\"Descubra o universo musical com o Blog Souza Lima! \",\"publisher\":{\"@id\":\"https:\/\/souzalima.com.br\/blog\/#organization\"},\"potentialAction\":[{\"@type\":\"SearchAction\",\"target\":{\"@type\":\"EntryPoint\",\"urlTemplate\":\"https:\/\/souzalima.com.br\/blog\/?s={search_term_string}\"},\"query-input\":{\"@type\":\"PropertyValueSpecification\",\"valueRequired\":true,\"valueName\":\"search_term_string\"}}],\"inLanguage\":\"pt-BR\"},{\"@type\":\"Organization\",\"@id\":\"https:\/\/souzalima.com.br\/blog\/#organization\",\"name\":\"Blog Souza Lima\",\"url\":\"https:\/\/souzalima.com.br\/blog\/\",\"logo\":{\"@type\":\"ImageObject\",\"inLanguage\":\"pt-BR\",\"@id\":\"https:\/\/souzalima.com.br\/blog\/#\/schema\/logo\/image\/\",\"url\":\"https:\/\/souzalima.com.br\/blog\/wp-content\/uploads\/2024\/04\/logo-blog-escuro.png\",\"contentUrl\":\"https:\/\/souzalima.com.br\/blog\/wp-content\/uploads\/2024\/04\/logo-blog-escuro.png\",\"width\":700,\"height\":360,\"caption\":\"Blog Souza Lima\"},\"image\":{\"@id\":\"https:\/\/souzalima.com.br\/blog\/#\/schema\/logo\/image\/\"},\"sameAs\":[\"https:\/\/www.facebook.com\/souzalimaoficial\",\"https:\/\/www.instagram.com\/souzalimaoficial\/\",\"https:\/\/www.tiktok.com\/@souzalimaoficial\"]},{\"@type\":\"Person\",\"@id\":\"https:\/\/souzalima.com.br\/blog\/#\/schema\/person\/f6aad8444e58fb11121a921b22bed6ae\",\"name\":\"Jo\u00e3o Marcondes\",\"image\":{\"@type\":\"ImageObject\",\"inLanguage\":\"pt-BR\",\"@id\":\"https:\/\/secure.gravatar.com\/avatar\/9ceaf49983887d9fed6c838ba33a97c89f1e3f2836978af414e1b7cf88be2678?s=96&d=mm&r=g\",\"url\":\"https:\/\/secure.gravatar.com\/avatar\/9ceaf49983887d9fed6c838ba33a97c89f1e3f2836978af414e1b7cf88be2678?s=96&d=mm&r=g\",\"contentUrl\":\"https:\/\/secure.gravatar.com\/avatar\/9ceaf49983887d9fed6c838ba33a97c89f1e3f2836978af414e1b7cf88be2678?s=96&d=mm&r=g\",\"caption\":\"Jo\u00e3o Marcondes\"},\"url\":\"https:\/\/souzalima.com.br\/blog\/author\/joao\/\"}]}<\/script>\n<!-- \/ Yoast SEO plugin. -->","yoast_head_json":{"title":"O que \u00e9 polifonia em m\u00fasica? - Blog Souza Lima","description":"Descubra o que \u00e9 polifonia em m\u00fasica: m\u00faltiplas vozes independentes que se entrela\u00e7am e criam uma textura sonora rica e harmoniosa.","robots":{"index":"index","follow":"follow","max-snippet":"max-snippet:-1","max-image-preview":"max-image-preview:large","max-video-preview":"max-video-preview:-1"},"canonical":"https:\/\/souzalima.com.br\/blog\/o-que-e-polifonia-em-musica\/","og_locale":"pt_BR","og_type":"article","og_title":"O que \u00e9 polifonia em m\u00fasica? - Blog Souza Lima","og_description":"Descubra o que \u00e9 polifonia em m\u00fasica: m\u00faltiplas vozes independentes que se entrela\u00e7am e criam uma textura sonora rica e harmoniosa.","og_url":"https:\/\/souzalima.com.br\/blog\/o-que-e-polifonia-em-musica\/","og_site_name":"Blog Souza Lima","article_publisher":"https:\/\/www.facebook.com\/souzalimaoficial","article_published_time":"2019-09-25T13:47:33+00:00","article_modified_time":"2025-10-27T19:59:28+00:00","og_image":[{"width":559,"height":397,"url":"https:\/\/souzalima.com.br\/blog\/wp-content\/uploads\/2024\/09\/coro.webp","type":"image\/webp"}],"author":"Jo\u00e3o Marcondes","twitter_card":"summary_large_image","twitter_misc":{"Escrito por":"Jo\u00e3o Marcondes","Est. tempo de leitura":"2 minutos"},"schema":{"@context":"https:\/\/schema.org","@graph":[{"@type":"Article","@id":"https:\/\/souzalima.com.br\/blog\/o-que-e-polifonia-em-musica\/#article","isPartOf":{"@id":"https:\/\/souzalima.com.br\/blog\/o-que-e-polifonia-em-musica\/"},"author":{"name":"Jo\u00e3o Marcondes","@id":"https:\/\/souzalima.com.br\/blog\/#\/schema\/person\/f6aad8444e58fb11121a921b22bed6ae"},"headline":"O que \u00e9 polifonia em m\u00fasica?","datePublished":"2019-09-25T13:47:33+00:00","dateModified":"2025-10-27T19:59:28+00:00","mainEntityOfPage":{"@id":"https:\/\/souzalima.com.br\/blog\/o-que-e-polifonia-em-musica\/"},"wordCount":257,"commentCount":0,"publisher":{"@id":"https:\/\/souzalima.com.br\/blog\/#organization"},"image":{"@id":"https:\/\/souzalima.com.br\/blog\/o-que-e-polifonia-em-musica\/#primaryimage"},"thumbnailUrl":"https:\/\/souzalima.com.br\/blog\/wp-content\/uploads\/2024\/09\/coro.webp","keywords":["blog souza lima","destaques","jo\u00e3o marcondes","o que \u00e9 polifonia em m\u00fasica"],"articleSection":["Estudo","Gloss\u00e1rio"],"inLanguage":"pt-BR","potentialAction":[{"@type":"CommentAction","name":"Comment","target":["https:\/\/souzalima.com.br\/blog\/o-que-e-polifonia-em-musica\/#respond"]}]},{"@type":"WebPage","@id":"https:\/\/souzalima.com.br\/blog\/o-que-e-polifonia-em-musica\/","url":"https:\/\/souzalima.com.br\/blog\/o-que-e-polifonia-em-musica\/","name":"O que \u00e9 polifonia em m\u00fasica? - Blog Souza Lima","isPartOf":{"@id":"https:\/\/souzalima.com.br\/blog\/#website"},"primaryImageOfPage":{"@id":"https:\/\/souzalima.com.br\/blog\/o-que-e-polifonia-em-musica\/#primaryimage"},"image":{"@id":"https:\/\/souzalima.com.br\/blog\/o-que-e-polifonia-em-musica\/#primaryimage"},"thumbnailUrl":"https:\/\/souzalima.com.br\/blog\/wp-content\/uploads\/2024\/09\/coro.webp","datePublished":"2019-09-25T13:47:33+00:00","dateModified":"2025-10-27T19:59:28+00:00","description":"Descubra o que \u00e9 polifonia em m\u00fasica: m\u00faltiplas vozes independentes que se entrela\u00e7am e criam uma textura sonora rica e harmoniosa.","breadcrumb":{"@id":"https:\/\/souzalima.com.br\/blog\/o-que-e-polifonia-em-musica\/#breadcrumb"},"inLanguage":"pt-BR","potentialAction":[{"@type":"ReadAction","target":["https:\/\/souzalima.com.br\/blog\/o-que-e-polifonia-em-musica\/"]}]},{"@type":"ImageObject","inLanguage":"pt-BR","@id":"https:\/\/souzalima.com.br\/blog\/o-que-e-polifonia-em-musica\/#primaryimage","url":"https:\/\/souzalima.com.br\/blog\/wp-content\/uploads\/2024\/09\/coro.webp","contentUrl":"https:\/\/souzalima.com.br\/blog\/wp-content\/uploads\/2024\/09\/coro.webp","width":559,"height":397},{"@type":"BreadcrumbList","@id":"https:\/\/souzalima.com.br\/blog\/o-que-e-polifonia-em-musica\/#breadcrumb","itemListElement":[{"@type":"ListItem","position":1,"name":"In\u00edcio","item":"https:\/\/souzalima.com.br\/blog\/"},{"@type":"ListItem","position":2,"name":"O que \u00e9 polifonia em m\u00fasica?"}]},{"@type":"WebSite","@id":"https:\/\/souzalima.com.br\/blog\/#website","url":"https:\/\/souzalima.com.br\/blog\/","name":"Blog Souza Lima","description":"Descubra o universo musical com o Blog Souza Lima! ","publisher":{"@id":"https:\/\/souzalima.com.br\/blog\/#organization"},"potentialAction":[{"@type":"SearchAction","target":{"@type":"EntryPoint","urlTemplate":"https:\/\/souzalima.com.br\/blog\/?s={search_term_string}"},"query-input":{"@type":"PropertyValueSpecification","valueRequired":true,"valueName":"search_term_string"}}],"inLanguage":"pt-BR"},{"@type":"Organization","@id":"https:\/\/souzalima.com.br\/blog\/#organization","name":"Blog Souza Lima","url":"https:\/\/souzalima.com.br\/blog\/","logo":{"@type":"ImageObject","inLanguage":"pt-BR","@id":"https:\/\/souzalima.com.br\/blog\/#\/schema\/logo\/image\/","url":"https:\/\/souzalima.com.br\/blog\/wp-content\/uploads\/2024\/04\/logo-blog-escuro.png","contentUrl":"https:\/\/souzalima.com.br\/blog\/wp-content\/uploads\/2024\/04\/logo-blog-escuro.png","width":700,"height":360,"caption":"Blog Souza Lima"},"image":{"@id":"https:\/\/souzalima.com.br\/blog\/#\/schema\/logo\/image\/"},"sameAs":["https:\/\/www.facebook.com\/souzalimaoficial","https:\/\/www.instagram.com\/souzalimaoficial\/","https:\/\/www.tiktok.com\/@souzalimaoficial"]},{"@type":"Person","@id":"https:\/\/souzalima.com.br\/blog\/#\/schema\/person\/f6aad8444e58fb11121a921b22bed6ae","name":"Jo\u00e3o Marcondes","image":{"@type":"ImageObject","inLanguage":"pt-BR","@id":"https:\/\/secure.gravatar.com\/avatar\/9ceaf49983887d9fed6c838ba33a97c89f1e3f2836978af414e1b7cf88be2678?s=96&d=mm&r=g","url":"https:\/\/secure.gravatar.com\/avatar\/9ceaf49983887d9fed6c838ba33a97c89f1e3f2836978af414e1b7cf88be2678?s=96&d=mm&r=g","contentUrl":"https:\/\/secure.gravatar.com\/avatar\/9ceaf49983887d9fed6c838ba33a97c89f1e3f2836978af414e1b7cf88be2678?s=96&d=mm&r=g","caption":"Jo\u00e3o Marcondes"},"url":"https:\/\/souzalima.com.br\/blog\/author\/joao\/"}]}},"_links":{"self":[{"href":"https:\/\/souzalima.com.br\/blog\/wp-json\/wp\/v2\/posts\/20589","targetHints":{"allow":["GET"]}}],"collection":[{"href":"https:\/\/souzalima.com.br\/blog\/wp-json\/wp\/v2\/posts"}],"about":[{"href":"https:\/\/souzalima.com.br\/blog\/wp-json\/wp\/v2\/types\/post"}],"author":[{"embeddable":true,"href":"https:\/\/souzalima.com.br\/blog\/wp-json\/wp\/v2\/users\/3"}],"replies":[{"embeddable":true,"href":"https:\/\/souzalima.com.br\/blog\/wp-json\/wp\/v2\/comments?post=20589"}],"version-history":[{"count":1,"href":"https:\/\/souzalima.com.br\/blog\/wp-json\/wp\/v2\/posts\/20589\/revisions"}],"predecessor-version":[{"id":20591,"href":"https:\/\/souzalima.com.br\/blog\/wp-json\/wp\/v2\/posts\/20589\/revisions\/20591"}],"wp:featuredmedia":[{"embeddable":true,"href":"https:\/\/souzalima.com.br\/blog\/wp-json\/wp\/v2\/media\/20590"}],"wp:attachment":[{"href":"https:\/\/souzalima.com.br\/blog\/wp-json\/wp\/v2\/media?parent=20589"}],"wp:term":[{"taxonomy":"category","embeddable":true,"href":"https:\/\/souzalima.com.br\/blog\/wp-json\/wp\/v2\/categories?post=20589"},{"taxonomy":"post_tag","embeddable":true,"href":"https:\/\/souzalima.com.br\/blog\/wp-json\/wp\/v2\/tags?post=20589"}],"curies":[{"name":"wp","href":"https:\/\/api.w.org\/{rel}","templated":true}]}}