{"id":20497,"date":"2019-06-14T08:59:09","date_gmt":"2019-06-14T11:59:09","guid":{"rendered":"https:\/\/souzalima.com.br\/blog\/?p=20497"},"modified":"2024-09-24T09:06:31","modified_gmt":"2024-09-24T12:06:31","slug":"o-que-e-acento-metrico-em-musica","status":"publish","type":"post","link":"https:\/\/souzalima.com.br\/blog\/o-que-e-acento-metrico-em-musica\/","title":{"rendered":"O que \u00e9 Acento M\u00e9trico em M\u00fasica?"},"content":{"rendered":"<h2><strong>O que \u00e9 Acento M\u00e9trico em m\u00fasica?<\/strong><\/h2>\n<p>\u00c9 uma sensa\u00e7\u00e3o que se estabelece na organiza\u00e7\u00e3o dos compassos de um pulso constante.<\/p>\n<p>O acento m\u00e9trico \u00e9 uma sensa\u00e7\u00e3o diferente dos estipulados na acentua\u00e7\u00e3o do per\u00edodo rom\u00e2ntico com intuito de angariar a outro patamar uma obra art\u00edstica.<\/p>\n<p>O acento m\u00e9trico est\u00e1 relacionado a diversos fatores da pr\u00e1tica musical. Troca de estruturas harm\u00f4nicas, acr\u00e9scimo de instrumentos, pontos de inicia\u00e7\u00e3o e culmina\u00e7\u00e3o de frases mel\u00f3dicas.<\/p>\n<h2>M\u00e9tricas<\/h2>\n<p>Um compasso bin\u00e1rio possui acento m\u00e9trico FORTE | FRACO, respectivamente ao primeiro e segundo tempo de cada compasso.<\/p>\n<p>Um compasso tern\u00e1rio possui acento m\u00e9trico FORTE | FRACO | FRACO, respectivamente ao primeiro, segundo e terceiro tempo de cada compasso.<\/p>\n<p>Um compasso quatern\u00e1rio possui acento m\u00e9trico FORTE | FRACO | MEIO FORTE | FRACO, respectivamente ao primeiro, segundo, terceiro e quarto tempo de cada compasso.<\/p>\n<p>Ou seja: a troca harm\u00f4nica, a troca de acordes melhor descrevendo, ocorre substancialmente em pulsa\u00e7\u00f5es fortes nos levando a perceber tal mudan\u00e7a mesmo aos leigos.<\/p>\n<h2><strong>Escrita R\u00edtmica<\/strong><\/h2>\n<p>O acento m\u00e9trico em m\u00fasica \u00e9 substancial para organiza\u00e7\u00e3o da escrita r\u00edtmica. E para a compreens\u00e3o do acontecimento musical como um todo.<\/p>\n<p>A s\u00edncopa e o contratempo, por exemplo, se comportam em sua avalia\u00e7\u00e3o sobre a defini\u00e7\u00e3o do acento m\u00e9trico.<\/p>\n<p>Gostou da publica\u00e7\u00e3o? Vale ouvir e ler sobre as esp\u00e9cies de cada compasso em nosso BLOG!<\/p>\n<p>Aproveite!<\/p>\n<p>Compartilhe!<\/p>\n<h2><strong>#VemProSouzaLima<\/strong><\/h2>\n","protected":false},"excerpt":{"rendered":"<p>O que \u00e9 Acento M\u00e9trico em m\u00fasica? \u00c9 uma sensa\u00e7\u00e3o que se estabelece na organiza\u00e7\u00e3o dos compassos de um pulso constante. O acento m\u00e9trico \u00e9 uma sensa\u00e7\u00e3o diferente dos estipulados na acentua\u00e7\u00e3o do per\u00edodo rom\u00e2ntico com intuito de angariar a outro patamar uma obra art\u00edstica&#8230;.<\/p>\n","protected":false},"author":3,"featured_media":20498,"comment_status":"open","ping_status":"open","sticky":false,"template":"","format":"standard","meta":{"footnotes":""},"categories":[388],"tags":[115,368,7,458],"class_list":["post-20497","post","type-post","status-publish","format-standard","has-post-thumbnail","hentry","category-glossario","tag-blog-souza-lima","tag-destaques","tag-joao-marcondes","tag-o-que-e-acento-metrico-em-musica"],"yoast_head":"<!-- This site is optimized with the Yoast SEO plugin v27.2 - https:\/\/yoast.com\/product\/yoast-seo-wordpress\/ -->\n<title>O que \u00e9 Acento M\u00e9trico em M\u00fasica? - Blog Souza Lima<\/title>\n<meta name=\"robots\" content=\"index, follow, max-snippet:-1, max-image-preview:large, max-video-preview:-1\" \/>\n<link rel=\"canonical\" href=\"https:\/\/souzalima.com.br\/blog\/o-que-e-acento-metrico-em-musica\/\" \/>\n<meta property=\"og:locale\" content=\"pt_BR\" \/>\n<meta property=\"og:type\" content=\"article\" \/>\n<meta property=\"og:title\" content=\"O que \u00e9 Acento M\u00e9trico em M\u00fasica? - Blog Souza Lima\" \/>\n<meta property=\"og:description\" content=\"O que \u00e9 Acento M\u00e9trico em m\u00fasica? \u00c9 uma sensa\u00e7\u00e3o que se estabelece na organiza\u00e7\u00e3o dos compassos de um pulso constante. O acento m\u00e9trico \u00e9 uma sensa\u00e7\u00e3o diferente dos estipulados na acentua\u00e7\u00e3o do per\u00edodo rom\u00e2ntico com intuito de angariar a outro patamar uma obra art\u00edstica....\" \/>\n<meta property=\"og:url\" content=\"https:\/\/souzalima.com.br\/blog\/o-que-e-acento-metrico-em-musica\/\" \/>\n<meta property=\"og:site_name\" content=\"Blog Souza Lima\" \/>\n<meta property=\"article:publisher\" content=\"https:\/\/www.facebook.com\/souzalimaoficial\" \/>\n<meta property=\"article:published_time\" content=\"2019-06-14T11:59:09+00:00\" \/>\n<meta property=\"article:modified_time\" content=\"2024-09-24T12:06:31+00:00\" \/>\n<meta property=\"og:image\" content=\"https:\/\/souzalima.com.br\/blog\/wp-content\/uploads\/2024\/09\/acento-metrico.webp\" \/>\n\t<meta property=\"og:image:width\" content=\"559\" \/>\n\t<meta property=\"og:image:height\" content=\"397\" \/>\n\t<meta property=\"og:image:type\" content=\"image\/webp\" \/>\n<meta name=\"author\" content=\"Jo\u00e3o Marcondes\" \/>\n<meta name=\"twitter:card\" content=\"summary_large_image\" \/>\n<meta name=\"twitter:label1\" content=\"Escrito por\" \/>\n\t<meta name=\"twitter:data1\" content=\"Jo\u00e3o Marcondes\" \/>\n\t<meta name=\"twitter:label2\" content=\"Est. tempo de leitura\" \/>\n\t<meta name=\"twitter:data2\" content=\"2 minutos\" \/>\n<script type=\"application\/ld+json\" class=\"yoast-schema-graph\">{\"@context\":\"https:\/\/schema.org\",\"@graph\":[{\"@type\":\"Article\",\"@id\":\"https:\/\/souzalima.com.br\/blog\/o-que-e-acento-metrico-em-musica\/#article\",\"isPartOf\":{\"@id\":\"https:\/\/souzalima.com.br\/blog\/o-que-e-acento-metrico-em-musica\/\"},\"author\":{\"name\":\"Jo\u00e3o Marcondes\",\"@id\":\"https:\/\/souzalima.com.br\/blog\/#\/schema\/person\/f6aad8444e58fb11121a921b22bed6ae\"},\"headline\":\"O que \u00e9 Acento M\u00e9trico em M\u00fasica?\",\"datePublished\":\"2019-06-14T11:59:09+00:00\",\"dateModified\":\"2024-09-24T12:06:31+00:00\",\"mainEntityOfPage\":{\"@id\":\"https:\/\/souzalima.com.br\/blog\/o-que-e-acento-metrico-em-musica\/\"},\"wordCount\":259,\"commentCount\":0,\"publisher\":{\"@id\":\"https:\/\/souzalima.com.br\/blog\/#organization\"},\"image\":{\"@id\":\"https:\/\/souzalima.com.br\/blog\/o-que-e-acento-metrico-em-musica\/#primaryimage\"},\"thumbnailUrl\":\"https:\/\/souzalima.com.br\/blog\/wp-content\/uploads\/2024\/09\/acento-metrico.webp\",\"keywords\":[\"blog souza lima\",\"destaques\",\"jo\u00e3o marcondes\",\"o que \u00e9 acento m\u00e9trico em m\u00fasica\"],\"articleSection\":[\"Gloss\u00e1rio\"],\"inLanguage\":\"pt-BR\",\"potentialAction\":[{\"@type\":\"CommentAction\",\"name\":\"Comment\",\"target\":[\"https:\/\/souzalima.com.br\/blog\/o-que-e-acento-metrico-em-musica\/#respond\"]}]},{\"@type\":\"WebPage\",\"@id\":\"https:\/\/souzalima.com.br\/blog\/o-que-e-acento-metrico-em-musica\/\",\"url\":\"https:\/\/souzalima.com.br\/blog\/o-que-e-acento-metrico-em-musica\/\",\"name\":\"O que \u00e9 Acento M\u00e9trico em M\u00fasica? - Blog Souza Lima\",\"isPartOf\":{\"@id\":\"https:\/\/souzalima.com.br\/blog\/#website\"},\"primaryImageOfPage\":{\"@id\":\"https:\/\/souzalima.com.br\/blog\/o-que-e-acento-metrico-em-musica\/#primaryimage\"},\"image\":{\"@id\":\"https:\/\/souzalima.com.br\/blog\/o-que-e-acento-metrico-em-musica\/#primaryimage\"},\"thumbnailUrl\":\"https:\/\/souzalima.com.br\/blog\/wp-content\/uploads\/2024\/09\/acento-metrico.webp\",\"datePublished\":\"2019-06-14T11:59:09+00:00\",\"dateModified\":\"2024-09-24T12:06:31+00:00\",\"breadcrumb\":{\"@id\":\"https:\/\/souzalima.com.br\/blog\/o-que-e-acento-metrico-em-musica\/#breadcrumb\"},\"inLanguage\":\"pt-BR\",\"potentialAction\":[{\"@type\":\"ReadAction\",\"target\":[\"https:\/\/souzalima.com.br\/blog\/o-que-e-acento-metrico-em-musica\/\"]}]},{\"@type\":\"ImageObject\",\"inLanguage\":\"pt-BR\",\"@id\":\"https:\/\/souzalima.com.br\/blog\/o-que-e-acento-metrico-em-musica\/#primaryimage\",\"url\":\"https:\/\/souzalima.com.br\/blog\/wp-content\/uploads\/2024\/09\/acento-metrico.webp\",\"contentUrl\":\"https:\/\/souzalima.com.br\/blog\/wp-content\/uploads\/2024\/09\/acento-metrico.webp\",\"width\":559,\"height\":397},{\"@type\":\"BreadcrumbList\",\"@id\":\"https:\/\/souzalima.com.br\/blog\/o-que-e-acento-metrico-em-musica\/#breadcrumb\",\"itemListElement\":[{\"@type\":\"ListItem\",\"position\":1,\"name\":\"In\u00edcio\",\"item\":\"https:\/\/souzalima.com.br\/blog\/\"},{\"@type\":\"ListItem\",\"position\":2,\"name\":\"O que \u00e9 Acento M\u00e9trico em M\u00fasica?\"}]},{\"@type\":\"WebSite\",\"@id\":\"https:\/\/souzalima.com.br\/blog\/#website\",\"url\":\"https:\/\/souzalima.com.br\/blog\/\",\"name\":\"Blog Souza Lima\",\"description\":\"Descubra o universo musical com o Blog Souza Lima! \",\"publisher\":{\"@id\":\"https:\/\/souzalima.com.br\/blog\/#organization\"},\"potentialAction\":[{\"@type\":\"SearchAction\",\"target\":{\"@type\":\"EntryPoint\",\"urlTemplate\":\"https:\/\/souzalima.com.br\/blog\/?s={search_term_string}\"},\"query-input\":{\"@type\":\"PropertyValueSpecification\",\"valueRequired\":true,\"valueName\":\"search_term_string\"}}],\"inLanguage\":\"pt-BR\"},{\"@type\":\"Organization\",\"@id\":\"https:\/\/souzalima.com.br\/blog\/#organization\",\"name\":\"Blog Souza Lima\",\"url\":\"https:\/\/souzalima.com.br\/blog\/\",\"logo\":{\"@type\":\"ImageObject\",\"inLanguage\":\"pt-BR\",\"@id\":\"https:\/\/souzalima.com.br\/blog\/#\/schema\/logo\/image\/\",\"url\":\"https:\/\/souzalima.com.br\/blog\/wp-content\/uploads\/2024\/04\/logo-blog-escuro.png\",\"contentUrl\":\"https:\/\/souzalima.com.br\/blog\/wp-content\/uploads\/2024\/04\/logo-blog-escuro.png\",\"width\":700,\"height\":360,\"caption\":\"Blog Souza Lima\"},\"image\":{\"@id\":\"https:\/\/souzalima.com.br\/blog\/#\/schema\/logo\/image\/\"},\"sameAs\":[\"https:\/\/www.facebook.com\/souzalimaoficial\",\"https:\/\/www.instagram.com\/souzalimaoficial\/\",\"https:\/\/www.tiktok.com\/@souzalimaoficial\"]},{\"@type\":\"Person\",\"@id\":\"https:\/\/souzalima.com.br\/blog\/#\/schema\/person\/f6aad8444e58fb11121a921b22bed6ae\",\"name\":\"Jo\u00e3o Marcondes\",\"image\":{\"@type\":\"ImageObject\",\"inLanguage\":\"pt-BR\",\"@id\":\"https:\/\/secure.gravatar.com\/avatar\/9ceaf49983887d9fed6c838ba33a97c89f1e3f2836978af414e1b7cf88be2678?s=96&d=mm&r=g\",\"url\":\"https:\/\/secure.gravatar.com\/avatar\/9ceaf49983887d9fed6c838ba33a97c89f1e3f2836978af414e1b7cf88be2678?s=96&d=mm&r=g\",\"contentUrl\":\"https:\/\/secure.gravatar.com\/avatar\/9ceaf49983887d9fed6c838ba33a97c89f1e3f2836978af414e1b7cf88be2678?s=96&d=mm&r=g\",\"caption\":\"Jo\u00e3o Marcondes\"},\"url\":\"https:\/\/souzalima.com.br\/blog\/author\/joao\/\"}]}<\/script>\n<!-- \/ Yoast SEO plugin. -->","yoast_head_json":{"title":"O que \u00e9 Acento M\u00e9trico em M\u00fasica? - Blog Souza Lima","robots":{"index":"index","follow":"follow","max-snippet":"max-snippet:-1","max-image-preview":"max-image-preview:large","max-video-preview":"max-video-preview:-1"},"canonical":"https:\/\/souzalima.com.br\/blog\/o-que-e-acento-metrico-em-musica\/","og_locale":"pt_BR","og_type":"article","og_title":"O que \u00e9 Acento M\u00e9trico em M\u00fasica? - Blog Souza Lima","og_description":"O que \u00e9 Acento M\u00e9trico em m\u00fasica? \u00c9 uma sensa\u00e7\u00e3o que se estabelece na organiza\u00e7\u00e3o dos compassos de um pulso constante. O acento m\u00e9trico \u00e9 uma sensa\u00e7\u00e3o diferente dos estipulados na acentua\u00e7\u00e3o do per\u00edodo rom\u00e2ntico com intuito de angariar a outro patamar uma obra art\u00edstica....","og_url":"https:\/\/souzalima.com.br\/blog\/o-que-e-acento-metrico-em-musica\/","og_site_name":"Blog Souza Lima","article_publisher":"https:\/\/www.facebook.com\/souzalimaoficial","article_published_time":"2019-06-14T11:59:09+00:00","article_modified_time":"2024-09-24T12:06:31+00:00","og_image":[{"width":559,"height":397,"url":"https:\/\/souzalima.com.br\/blog\/wp-content\/uploads\/2024\/09\/acento-metrico.webp","type":"image\/webp"}],"author":"Jo\u00e3o Marcondes","twitter_card":"summary_large_image","twitter_misc":{"Escrito por":"Jo\u00e3o Marcondes","Est. tempo de leitura":"2 minutos"},"schema":{"@context":"https:\/\/schema.org","@graph":[{"@type":"Article","@id":"https:\/\/souzalima.com.br\/blog\/o-que-e-acento-metrico-em-musica\/#article","isPartOf":{"@id":"https:\/\/souzalima.com.br\/blog\/o-que-e-acento-metrico-em-musica\/"},"author":{"name":"Jo\u00e3o Marcondes","@id":"https:\/\/souzalima.com.br\/blog\/#\/schema\/person\/f6aad8444e58fb11121a921b22bed6ae"},"headline":"O que \u00e9 Acento M\u00e9trico em M\u00fasica?","datePublished":"2019-06-14T11:59:09+00:00","dateModified":"2024-09-24T12:06:31+00:00","mainEntityOfPage":{"@id":"https:\/\/souzalima.com.br\/blog\/o-que-e-acento-metrico-em-musica\/"},"wordCount":259,"commentCount":0,"publisher":{"@id":"https:\/\/souzalima.com.br\/blog\/#organization"},"image":{"@id":"https:\/\/souzalima.com.br\/blog\/o-que-e-acento-metrico-em-musica\/#primaryimage"},"thumbnailUrl":"https:\/\/souzalima.com.br\/blog\/wp-content\/uploads\/2024\/09\/acento-metrico.webp","keywords":["blog souza lima","destaques","jo\u00e3o marcondes","o que \u00e9 acento m\u00e9trico em m\u00fasica"],"articleSection":["Gloss\u00e1rio"],"inLanguage":"pt-BR","potentialAction":[{"@type":"CommentAction","name":"Comment","target":["https:\/\/souzalima.com.br\/blog\/o-que-e-acento-metrico-em-musica\/#respond"]}]},{"@type":"WebPage","@id":"https:\/\/souzalima.com.br\/blog\/o-que-e-acento-metrico-em-musica\/","url":"https:\/\/souzalima.com.br\/blog\/o-que-e-acento-metrico-em-musica\/","name":"O que \u00e9 Acento M\u00e9trico em M\u00fasica? - Blog Souza Lima","isPartOf":{"@id":"https:\/\/souzalima.com.br\/blog\/#website"},"primaryImageOfPage":{"@id":"https:\/\/souzalima.com.br\/blog\/o-que-e-acento-metrico-em-musica\/#primaryimage"},"image":{"@id":"https:\/\/souzalima.com.br\/blog\/o-que-e-acento-metrico-em-musica\/#primaryimage"},"thumbnailUrl":"https:\/\/souzalima.com.br\/blog\/wp-content\/uploads\/2024\/09\/acento-metrico.webp","datePublished":"2019-06-14T11:59:09+00:00","dateModified":"2024-09-24T12:06:31+00:00","breadcrumb":{"@id":"https:\/\/souzalima.com.br\/blog\/o-que-e-acento-metrico-em-musica\/#breadcrumb"},"inLanguage":"pt-BR","potentialAction":[{"@type":"ReadAction","target":["https:\/\/souzalima.com.br\/blog\/o-que-e-acento-metrico-em-musica\/"]}]},{"@type":"ImageObject","inLanguage":"pt-BR","@id":"https:\/\/souzalima.com.br\/blog\/o-que-e-acento-metrico-em-musica\/#primaryimage","url":"https:\/\/souzalima.com.br\/blog\/wp-content\/uploads\/2024\/09\/acento-metrico.webp","contentUrl":"https:\/\/souzalima.com.br\/blog\/wp-content\/uploads\/2024\/09\/acento-metrico.webp","width":559,"height":397},{"@type":"BreadcrumbList","@id":"https:\/\/souzalima.com.br\/blog\/o-que-e-acento-metrico-em-musica\/#breadcrumb","itemListElement":[{"@type":"ListItem","position":1,"name":"In\u00edcio","item":"https:\/\/souzalima.com.br\/blog\/"},{"@type":"ListItem","position":2,"name":"O que \u00e9 Acento M\u00e9trico em M\u00fasica?"}]},{"@type":"WebSite","@id":"https:\/\/souzalima.com.br\/blog\/#website","url":"https:\/\/souzalima.com.br\/blog\/","name":"Blog Souza Lima","description":"Descubra o universo musical com o Blog Souza Lima! ","publisher":{"@id":"https:\/\/souzalima.com.br\/blog\/#organization"},"potentialAction":[{"@type":"SearchAction","target":{"@type":"EntryPoint","urlTemplate":"https:\/\/souzalima.com.br\/blog\/?s={search_term_string}"},"query-input":{"@type":"PropertyValueSpecification","valueRequired":true,"valueName":"search_term_string"}}],"inLanguage":"pt-BR"},{"@type":"Organization","@id":"https:\/\/souzalima.com.br\/blog\/#organization","name":"Blog Souza Lima","url":"https:\/\/souzalima.com.br\/blog\/","logo":{"@type":"ImageObject","inLanguage":"pt-BR","@id":"https:\/\/souzalima.com.br\/blog\/#\/schema\/logo\/image\/","url":"https:\/\/souzalima.com.br\/blog\/wp-content\/uploads\/2024\/04\/logo-blog-escuro.png","contentUrl":"https:\/\/souzalima.com.br\/blog\/wp-content\/uploads\/2024\/04\/logo-blog-escuro.png","width":700,"height":360,"caption":"Blog Souza Lima"},"image":{"@id":"https:\/\/souzalima.com.br\/blog\/#\/schema\/logo\/image\/"},"sameAs":["https:\/\/www.facebook.com\/souzalimaoficial","https:\/\/www.instagram.com\/souzalimaoficial\/","https:\/\/www.tiktok.com\/@souzalimaoficial"]},{"@type":"Person","@id":"https:\/\/souzalima.com.br\/blog\/#\/schema\/person\/f6aad8444e58fb11121a921b22bed6ae","name":"Jo\u00e3o Marcondes","image":{"@type":"ImageObject","inLanguage":"pt-BR","@id":"https:\/\/secure.gravatar.com\/avatar\/9ceaf49983887d9fed6c838ba33a97c89f1e3f2836978af414e1b7cf88be2678?s=96&d=mm&r=g","url":"https:\/\/secure.gravatar.com\/avatar\/9ceaf49983887d9fed6c838ba33a97c89f1e3f2836978af414e1b7cf88be2678?s=96&d=mm&r=g","contentUrl":"https:\/\/secure.gravatar.com\/avatar\/9ceaf49983887d9fed6c838ba33a97c89f1e3f2836978af414e1b7cf88be2678?s=96&d=mm&r=g","caption":"Jo\u00e3o Marcondes"},"url":"https:\/\/souzalima.com.br\/blog\/author\/joao\/"}]}},"_links":{"self":[{"href":"https:\/\/souzalima.com.br\/blog\/wp-json\/wp\/v2\/posts\/20497","targetHints":{"allow":["GET"]}}],"collection":[{"href":"https:\/\/souzalima.com.br\/blog\/wp-json\/wp\/v2\/posts"}],"about":[{"href":"https:\/\/souzalima.com.br\/blog\/wp-json\/wp\/v2\/types\/post"}],"author":[{"embeddable":true,"href":"https:\/\/souzalima.com.br\/blog\/wp-json\/wp\/v2\/users\/3"}],"replies":[{"embeddable":true,"href":"https:\/\/souzalima.com.br\/blog\/wp-json\/wp\/v2\/comments?post=20497"}],"version-history":[{"count":1,"href":"https:\/\/souzalima.com.br\/blog\/wp-json\/wp\/v2\/posts\/20497\/revisions"}],"predecessor-version":[{"id":20499,"href":"https:\/\/souzalima.com.br\/blog\/wp-json\/wp\/v2\/posts\/20497\/revisions\/20499"}],"wp:featuredmedia":[{"embeddable":true,"href":"https:\/\/souzalima.com.br\/blog\/wp-json\/wp\/v2\/media\/20498"}],"wp:attachment":[{"href":"https:\/\/souzalima.com.br\/blog\/wp-json\/wp\/v2\/media?parent=20497"}],"wp:term":[{"taxonomy":"category","embeddable":true,"href":"https:\/\/souzalima.com.br\/blog\/wp-json\/wp\/v2\/categories?post=20497"},{"taxonomy":"post_tag","embeddable":true,"href":"https:\/\/souzalima.com.br\/blog\/wp-json\/wp\/v2\/tags?post=20497"}],"curies":[{"name":"wp","href":"https:\/\/api.w.org\/{rel}","templated":true}]}}