{"id":19983,"date":"2022-09-12T21:46:48","date_gmt":"2022-09-13T00:46:48","guid":{"rendered":"https:\/\/souzalima.com.br\/blog\/?p=19983"},"modified":"2024-09-08T09:58:51","modified_gmt":"2024-09-08T12:58:51","slug":"historia-da-musica-brasileira-parte-1-de-3","status":"publish","type":"post","link":"https:\/\/souzalima.com.br\/blog\/historia-da-musica-brasileira-parte-1-de-3\/","title":{"rendered":"Hist\u00f3ria da M\u00fasica Brasileira \u2013 Parte 1 de 3"},"content":{"rendered":"<p class=\"x_MsoNormal\"><strong>Para consolidar a informa\u00e7\u00e3o e apresentar um conhecimento aplicado, cobrindo importante lacuna\u00a0da educa\u00e7\u00e3o musical, o Souza Lima apresenta a s\u00e9rie de infogr\u00e1ficos da Hist\u00f3ria da M\u00fasica Brasileira.<\/strong><\/p>\n<p class=\"x_MsoNormal\">A hist\u00f3ria da m\u00fasica no Brasil em uma visualiza\u00e7\u00e3o que aperfei\u00e7oa a compreens\u00e3o do estudante de m\u00fasica.<\/p>\n<p><iframe loading=\"lazy\" title=\"Guiomar Novaes: &quot;Branquinha&quot; &amp; &quot;Moreninha&quot; from &quot;A Prole do Beb\u00ea&quot;\" src=\"https:\/\/www.youtube.com\/embed\/FoW3oZN2x9k?feature=oembed\" width=\"100%\" height=\"392\" frameborder=\"0\" allowfullscreen=\"allowfullscreen\" data-mce-fragment=\"1\"><\/iframe><\/p>\n<p class=\"x_MsoNormal\">Os prim\u00f3rdios da forma\u00e7\u00e3o musical, da coloniza\u00e7\u00e3o e atua\u00e7\u00e3o dos jesu\u00edtas na alfabetiza\u00e7\u00e3o e catequiza\u00e7\u00e3o dos nativos brasileiros, da vinda da corte de Dom Jo\u00e3o VI \u2013 que transformou o Brasil em centro do imp\u00e9rio de Portugal, ao desenvolvimento e surgimento do mercado fonogr\u00e1fico e seus principais personagens, at\u00e9 a forma\u00e7\u00e3o do fazer musical brasileiro foram apresentados no\u00a0<a href=\"https:\/\/www.blogsouzalima.com.br\/historia-da-musica-brasileira-introducao\/\">Hist\u00f3ria da M\u00fasica Brasileira \u2013 Introdu\u00e7\u00e3o<\/a>. J\u00e1 estudou este?<\/p>\n<p><iframe loading=\"lazy\" title=\"Arthur Camilo - SAMBA CARACTER\u00cdSTICO - Joaquim Antonio da Silva Callado   Odeon 120.525 - 03.01.1913\" src=\"https:\/\/www.youtube.com\/embed\/smDcja4ECI8?feature=oembed\" width=\"100%\" height=\"392\" frameborder=\"0\" allowfullscreen=\"allowfullscreen\" data-mce-fragment=\"1\"><\/iframe><\/p>\n<p class=\"x_MsoNormal\">Na segunda publica\u00e7\u00e3o, parte 1, chegamos a forma\u00e7\u00e3o emp\u00edrica do choro; o movimento modernista com a semana de arte Moderna, a antropofagia; o samba, a era de ouro da r\u00e1dio, do carnaval de rua ao regime militar de 1964.<\/p>\n<p>Artistas e pensadores como Heitor Villa-Lobos, Guiomar Novaes e Mario de Andrade. Do canto de Baiano \u2013 o primeiro grande nome do mercado fonogr\u00e1fico brasileiro, \u00e0 Noel Rosa. Do choro de Callado ainda no s\u00e9culo XIX, para Chiquinha Gonzaga e Ernesto Nazareth. A funda\u00e7\u00e3o do fazer musical brasileiro por Pixinguinha, abrindo alas para Jacob do Bandolim e Waldir de Azevedo.<\/p>\n<p><iframe loading=\"lazy\" title=\"Rosa - Pixinguinha\" src=\"https:\/\/www.youtube.com\/embed\/1IIt1aoWQr4?feature=oembed\" width=\"100%\" height=\"522\" frameborder=\"0\" allowfullscreen=\"allowfullscreen\" data-mce-fragment=\"1\"><\/iframe><\/p>\n<h2><strong>A hist\u00f3ria da m\u00fasica brasileira revisitada, e introduzindo conceitos de apropria\u00e7\u00e3o, assimila\u00e7\u00e3o, desenvolvimento de cultura, forma e instrumenta\u00e7\u00e3o.<\/strong><\/h2>\n<p>Do surgimento das escolas de samba ao mestre Luiz Gonzaga \u2013 o rei do bai\u00e3o, sanfoneiro e radialista. Que m\u00fasica mais agrada?<\/p>\n<h2>Atividade:<\/h2>\n<p>Estude ou apresente o infogr\u00e1fico realizando uma audi\u00e7\u00e3o dos nomes que surgirem ao passar do tempo. Para que se conhe\u00e7a o fazer musical a fundo, torne isso rotina.<\/p>\n<p class=\"x_MsoNormal\">Agora j\u00e1 s\u00e3o duas partes publicadas, introdu\u00e7\u00e3o \u2013 a m\u00fasica brasileira pr\u00e9-fonogr\u00e1fica, e a primeira parte do advento do Mercado Fonogr\u00e1fico Brasileiro.<\/p>\n<p class=\"x_MsoNormal\">Acompanhe aqui mesmo, em nosso blog! Ainda por aqui ser\u00e3o postadas as duas partes faltantes.<\/p>\n<p><iframe loading=\"lazy\" title=\"&quot;Asa branca&quot; - Toada - Luiz Gonzaga - Grava\u00e7\u00e3o original - 1947.\" src=\"https:\/\/www.youtube.com\/embed\/YWjqdlIL1Ao?feature=oembed\" width=\"100%\" height=\"392\" frameborder=\"0\" allowfullscreen=\"allowfullscreen\" data-mce-fragment=\"1\"><\/iframe><\/p>\n<h2 class=\"x_MsoNormal\"><strong>Vamos em frente! O conhecimento \u00e9 um caminho sem volta.<\/strong><\/h2>\n<p><img decoding=\"async\" class=\"td-animation-stack-type0-2\" src=\"https:\/\/i0.wp.com\/www.blogsouzalima.com.br\/wp-content\/uploads\/2018\/01\/HMB-parte-1_-1.png?w=696&amp;ssl=1\" data-recalc-dims=\"1\" \/><\/p>\n<p><strong><em>Publicado originalmente em 6 de janeiro de 2018, ampliado e revisado em 15 de janeiro de 2020.<\/em><\/strong><\/p>\n<div class=\"td-a-rec td-a-rec-id-content_bottom  tdi_2 td_block_template_1\"><\/div>\n","protected":false},"excerpt":{"rendered":"<p>Para consolidar a informa\u00e7\u00e3o e apresentar um conhecimento aplicado, cobrindo importante lacuna\u00a0da educa\u00e7\u00e3o musical, o Souza Lima apresenta a s\u00e9rie de infogr\u00e1ficos da Hist\u00f3ria da M\u00fasica Brasileira. A hist\u00f3ria da m\u00fasica no Brasil em uma visualiza\u00e7\u00e3o que aperfei\u00e7oa a compreens\u00e3o do estudante de m\u00fasica. Os&#8230;<\/p>\n","protected":false},"author":3,"featured_media":0,"comment_status":"open","ping_status":"open","sticky":false,"template":"","format":"standard","meta":{"footnotes":""},"categories":[42],"tags":[115,4,46,165,28,198,118,174,7,10,166],"class_list":["post-19983","post","type-post","status-publish","format-standard","hentry","category-genero-musical","tag-blog-souza-lima","tag-destaque","tag-educacao-musical","tag-genero","tag-harmonia","tag-historia-da-musica-brasileira","tag-infograficos","tag-instrumento-transpositor","tag-joao-marcondes","tag-souza-lima","tag-teoria-musical"],"yoast_head":"<!-- This site is optimized with the Yoast SEO plugin v27.2 - https:\/\/yoast.com\/product\/yoast-seo-wordpress\/ -->\n<title>Hist\u00f3ria da M\u00fasica Brasileira \u2013 Parte 1 de 3 - Blog Souza Lima<\/title>\n<meta name=\"robots\" content=\"index, follow, max-snippet:-1, max-image-preview:large, max-video-preview:-1\" \/>\n<link rel=\"canonical\" href=\"https:\/\/souzalima.com.br\/blog\/historia-da-musica-brasileira-parte-1-de-3\/\" \/>\n<meta property=\"og:locale\" content=\"pt_BR\" \/>\n<meta property=\"og:type\" content=\"article\" \/>\n<meta property=\"og:title\" content=\"Hist\u00f3ria da M\u00fasica Brasileira \u2013 Parte 1 de 3 - Blog Souza Lima\" \/>\n<meta property=\"og:description\" content=\"Para consolidar a informa\u00e7\u00e3o e apresentar um conhecimento aplicado, cobrindo importante lacuna\u00a0da educa\u00e7\u00e3o musical, o Souza Lima apresenta a s\u00e9rie de infogr\u00e1ficos da Hist\u00f3ria da M\u00fasica Brasileira. A hist\u00f3ria da m\u00fasica no Brasil em uma visualiza\u00e7\u00e3o que aperfei\u00e7oa a compreens\u00e3o do estudante de m\u00fasica. Os...\" \/>\n<meta property=\"og:url\" content=\"https:\/\/souzalima.com.br\/blog\/historia-da-musica-brasileira-parte-1-de-3\/\" \/>\n<meta property=\"og:site_name\" content=\"Blog Souza Lima\" \/>\n<meta property=\"article:publisher\" content=\"https:\/\/www.facebook.com\/souzalimaoficial\" \/>\n<meta property=\"article:published_time\" content=\"2022-09-13T00:46:48+00:00\" \/>\n<meta property=\"article:modified_time\" content=\"2024-09-08T12:58:51+00:00\" \/>\n<meta property=\"og:image\" content=\"https:\/\/i0.wp.com\/www.blogsouzalima.com.br\/wp-content\/uploads\/2018\/01\/HMB-parte-1_-1.png?w=696&amp;ssl=1\" \/>\n<meta name=\"author\" content=\"Jo\u00e3o Marcondes\" \/>\n<meta name=\"twitter:card\" content=\"summary_large_image\" \/>\n<meta name=\"twitter:label1\" content=\"Escrito por\" \/>\n\t<meta name=\"twitter:data1\" content=\"Jo\u00e3o Marcondes\" \/>\n\t<meta name=\"twitter:label2\" content=\"Est. tempo de leitura\" \/>\n\t<meta name=\"twitter:data2\" content=\"2 minutos\" \/>\n<script type=\"application\/ld+json\" class=\"yoast-schema-graph\">{\"@context\":\"https:\/\/schema.org\",\"@graph\":[{\"@type\":\"Article\",\"@id\":\"https:\/\/souzalima.com.br\/blog\/historia-da-musica-brasileira-parte-1-de-3\/#article\",\"isPartOf\":{\"@id\":\"https:\/\/souzalima.com.br\/blog\/historia-da-musica-brasileira-parte-1-de-3\/\"},\"author\":{\"name\":\"Jo\u00e3o Marcondes\",\"@id\":\"https:\/\/souzalima.com.br\/blog\/#\/schema\/person\/f6aad8444e58fb11121a921b22bed6ae\"},\"headline\":\"Hist\u00f3ria da M\u00fasica Brasileira \u2013 Parte 1 de 3\",\"datePublished\":\"2022-09-13T00:46:48+00:00\",\"dateModified\":\"2024-09-08T12:58:51+00:00\",\"mainEntityOfPage\":{\"@id\":\"https:\/\/souzalima.com.br\/blog\/historia-da-musica-brasileira-parte-1-de-3\/\"},\"wordCount\":389,\"commentCount\":0,\"publisher\":{\"@id\":\"https:\/\/souzalima.com.br\/blog\/#organization\"},\"image\":{\"@id\":\"https:\/\/souzalima.com.br\/blog\/historia-da-musica-brasileira-parte-1-de-3\/#primaryimage\"},\"thumbnailUrl\":\"https:\/\/i0.wp.com\/www.blogsouzalima.com.br\/wp-content\/uploads\/2018\/01\/HMB-parte-1_-1.png?w=696&amp;ssl=1\",\"keywords\":[\"blog souza lima\",\"destaque\",\"educa\u00e7\u00e3o musical\",\"g\u00eanero\",\"harmonia\",\"hist\u00f3ria da m\u00fasica brasileira\",\"infogr\u00e1ficos\",\"instrumento transpositor\",\"jo\u00e3o marcondes\",\"Souza Lima\",\"teoria musical\"],\"articleSection\":[\"G\u00eanero musical\"],\"inLanguage\":\"pt-BR\",\"potentialAction\":[{\"@type\":\"CommentAction\",\"name\":\"Comment\",\"target\":[\"https:\/\/souzalima.com.br\/blog\/historia-da-musica-brasileira-parte-1-de-3\/#respond\"]}]},{\"@type\":\"WebPage\",\"@id\":\"https:\/\/souzalima.com.br\/blog\/historia-da-musica-brasileira-parte-1-de-3\/\",\"url\":\"https:\/\/souzalima.com.br\/blog\/historia-da-musica-brasileira-parte-1-de-3\/\",\"name\":\"Hist\u00f3ria da M\u00fasica Brasileira \u2013 Parte 1 de 3 - Blog Souza Lima\",\"isPartOf\":{\"@id\":\"https:\/\/souzalima.com.br\/blog\/#website\"},\"primaryImageOfPage\":{\"@id\":\"https:\/\/souzalima.com.br\/blog\/historia-da-musica-brasileira-parte-1-de-3\/#primaryimage\"},\"image\":{\"@id\":\"https:\/\/souzalima.com.br\/blog\/historia-da-musica-brasileira-parte-1-de-3\/#primaryimage\"},\"thumbnailUrl\":\"https:\/\/i0.wp.com\/www.blogsouzalima.com.br\/wp-content\/uploads\/2018\/01\/HMB-parte-1_-1.png?w=696&amp;ssl=1\",\"datePublished\":\"2022-09-13T00:46:48+00:00\",\"dateModified\":\"2024-09-08T12:58:51+00:00\",\"breadcrumb\":{\"@id\":\"https:\/\/souzalima.com.br\/blog\/historia-da-musica-brasileira-parte-1-de-3\/#breadcrumb\"},\"inLanguage\":\"pt-BR\",\"potentialAction\":[{\"@type\":\"ReadAction\",\"target\":[\"https:\/\/souzalima.com.br\/blog\/historia-da-musica-brasileira-parte-1-de-3\/\"]}]},{\"@type\":\"ImageObject\",\"inLanguage\":\"pt-BR\",\"@id\":\"https:\/\/souzalima.com.br\/blog\/historia-da-musica-brasileira-parte-1-de-3\/#primaryimage\",\"url\":\"https:\/\/i0.wp.com\/www.blogsouzalima.com.br\/wp-content\/uploads\/2018\/01\/HMB-parte-1_-1.png?w=696&amp;ssl=1\",\"contentUrl\":\"https:\/\/i0.wp.com\/www.blogsouzalima.com.br\/wp-content\/uploads\/2018\/01\/HMB-parte-1_-1.png?w=696&amp;ssl=1\"},{\"@type\":\"BreadcrumbList\",\"@id\":\"https:\/\/souzalima.com.br\/blog\/historia-da-musica-brasileira-parte-1-de-3\/#breadcrumb\",\"itemListElement\":[{\"@type\":\"ListItem\",\"position\":1,\"name\":\"In\u00edcio\",\"item\":\"https:\/\/souzalima.com.br\/blog\/\"},{\"@type\":\"ListItem\",\"position\":2,\"name\":\"Hist\u00f3ria da M\u00fasica Brasileira \u2013 Parte 1 de 3\"}]},{\"@type\":\"WebSite\",\"@id\":\"https:\/\/souzalima.com.br\/blog\/#website\",\"url\":\"https:\/\/souzalima.com.br\/blog\/\",\"name\":\"Blog Souza Lima\",\"description\":\"Descubra o universo musical com o Blog Souza Lima! \",\"publisher\":{\"@id\":\"https:\/\/souzalima.com.br\/blog\/#organization\"},\"potentialAction\":[{\"@type\":\"SearchAction\",\"target\":{\"@type\":\"EntryPoint\",\"urlTemplate\":\"https:\/\/souzalima.com.br\/blog\/?s={search_term_string}\"},\"query-input\":{\"@type\":\"PropertyValueSpecification\",\"valueRequired\":true,\"valueName\":\"search_term_string\"}}],\"inLanguage\":\"pt-BR\"},{\"@type\":\"Organization\",\"@id\":\"https:\/\/souzalima.com.br\/blog\/#organization\",\"name\":\"Blog Souza Lima\",\"url\":\"https:\/\/souzalima.com.br\/blog\/\",\"logo\":{\"@type\":\"ImageObject\",\"inLanguage\":\"pt-BR\",\"@id\":\"https:\/\/souzalima.com.br\/blog\/#\/schema\/logo\/image\/\",\"url\":\"https:\/\/souzalima.com.br\/blog\/wp-content\/uploads\/2024\/04\/logo-blog-escuro.png\",\"contentUrl\":\"https:\/\/souzalima.com.br\/blog\/wp-content\/uploads\/2024\/04\/logo-blog-escuro.png\",\"width\":700,\"height\":360,\"caption\":\"Blog Souza Lima\"},\"image\":{\"@id\":\"https:\/\/souzalima.com.br\/blog\/#\/schema\/logo\/image\/\"},\"sameAs\":[\"https:\/\/www.facebook.com\/souzalimaoficial\",\"https:\/\/www.instagram.com\/souzalimaoficial\/\",\"https:\/\/www.tiktok.com\/@souzalimaoficial\"]},{\"@type\":\"Person\",\"@id\":\"https:\/\/souzalima.com.br\/blog\/#\/schema\/person\/f6aad8444e58fb11121a921b22bed6ae\",\"name\":\"Jo\u00e3o Marcondes\",\"image\":{\"@type\":\"ImageObject\",\"inLanguage\":\"pt-BR\",\"@id\":\"https:\/\/secure.gravatar.com\/avatar\/9ceaf49983887d9fed6c838ba33a97c89f1e3f2836978af414e1b7cf88be2678?s=96&d=mm&r=g\",\"url\":\"https:\/\/secure.gravatar.com\/avatar\/9ceaf49983887d9fed6c838ba33a97c89f1e3f2836978af414e1b7cf88be2678?s=96&d=mm&r=g\",\"contentUrl\":\"https:\/\/secure.gravatar.com\/avatar\/9ceaf49983887d9fed6c838ba33a97c89f1e3f2836978af414e1b7cf88be2678?s=96&d=mm&r=g\",\"caption\":\"Jo\u00e3o Marcondes\"},\"url\":\"https:\/\/souzalima.com.br\/blog\/author\/joao\/\"}]}<\/script>\n<!-- \/ Yoast SEO plugin. -->","yoast_head_json":{"title":"Hist\u00f3ria da M\u00fasica Brasileira \u2013 Parte 1 de 3 - Blog Souza Lima","robots":{"index":"index","follow":"follow","max-snippet":"max-snippet:-1","max-image-preview":"max-image-preview:large","max-video-preview":"max-video-preview:-1"},"canonical":"https:\/\/souzalima.com.br\/blog\/historia-da-musica-brasileira-parte-1-de-3\/","og_locale":"pt_BR","og_type":"article","og_title":"Hist\u00f3ria da M\u00fasica Brasileira \u2013 Parte 1 de 3 - Blog Souza Lima","og_description":"Para consolidar a informa\u00e7\u00e3o e apresentar um conhecimento aplicado, cobrindo importante lacuna\u00a0da educa\u00e7\u00e3o musical, o Souza Lima apresenta a s\u00e9rie de infogr\u00e1ficos da Hist\u00f3ria da M\u00fasica Brasileira. A hist\u00f3ria da m\u00fasica no Brasil em uma visualiza\u00e7\u00e3o que aperfei\u00e7oa a compreens\u00e3o do estudante de m\u00fasica. Os...","og_url":"https:\/\/souzalima.com.br\/blog\/historia-da-musica-brasileira-parte-1-de-3\/","og_site_name":"Blog Souza Lima","article_publisher":"https:\/\/www.facebook.com\/souzalimaoficial","article_published_time":"2022-09-13T00:46:48+00:00","article_modified_time":"2024-09-08T12:58:51+00:00","og_image":[{"url":"https:\/\/i0.wp.com\/www.blogsouzalima.com.br\/wp-content\/uploads\/2018\/01\/HMB-parte-1_-1.png?w=696&amp;ssl=1","type":"","width":"","height":""}],"author":"Jo\u00e3o Marcondes","twitter_card":"summary_large_image","twitter_misc":{"Escrito por":"Jo\u00e3o Marcondes","Est. tempo de leitura":"2 minutos"},"schema":{"@context":"https:\/\/schema.org","@graph":[{"@type":"Article","@id":"https:\/\/souzalima.com.br\/blog\/historia-da-musica-brasileira-parte-1-de-3\/#article","isPartOf":{"@id":"https:\/\/souzalima.com.br\/blog\/historia-da-musica-brasileira-parte-1-de-3\/"},"author":{"name":"Jo\u00e3o Marcondes","@id":"https:\/\/souzalima.com.br\/blog\/#\/schema\/person\/f6aad8444e58fb11121a921b22bed6ae"},"headline":"Hist\u00f3ria da M\u00fasica Brasileira \u2013 Parte 1 de 3","datePublished":"2022-09-13T00:46:48+00:00","dateModified":"2024-09-08T12:58:51+00:00","mainEntityOfPage":{"@id":"https:\/\/souzalima.com.br\/blog\/historia-da-musica-brasileira-parte-1-de-3\/"},"wordCount":389,"commentCount":0,"publisher":{"@id":"https:\/\/souzalima.com.br\/blog\/#organization"},"image":{"@id":"https:\/\/souzalima.com.br\/blog\/historia-da-musica-brasileira-parte-1-de-3\/#primaryimage"},"thumbnailUrl":"https:\/\/i0.wp.com\/www.blogsouzalima.com.br\/wp-content\/uploads\/2018\/01\/HMB-parte-1_-1.png?w=696&amp;ssl=1","keywords":["blog souza lima","destaque","educa\u00e7\u00e3o musical","g\u00eanero","harmonia","hist\u00f3ria da m\u00fasica brasileira","infogr\u00e1ficos","instrumento transpositor","jo\u00e3o marcondes","Souza Lima","teoria musical"],"articleSection":["G\u00eanero musical"],"inLanguage":"pt-BR","potentialAction":[{"@type":"CommentAction","name":"Comment","target":["https:\/\/souzalima.com.br\/blog\/historia-da-musica-brasileira-parte-1-de-3\/#respond"]}]},{"@type":"WebPage","@id":"https:\/\/souzalima.com.br\/blog\/historia-da-musica-brasileira-parte-1-de-3\/","url":"https:\/\/souzalima.com.br\/blog\/historia-da-musica-brasileira-parte-1-de-3\/","name":"Hist\u00f3ria da M\u00fasica Brasileira \u2013 Parte 1 de 3 - Blog Souza Lima","isPartOf":{"@id":"https:\/\/souzalima.com.br\/blog\/#website"},"primaryImageOfPage":{"@id":"https:\/\/souzalima.com.br\/blog\/historia-da-musica-brasileira-parte-1-de-3\/#primaryimage"},"image":{"@id":"https:\/\/souzalima.com.br\/blog\/historia-da-musica-brasileira-parte-1-de-3\/#primaryimage"},"thumbnailUrl":"https:\/\/i0.wp.com\/www.blogsouzalima.com.br\/wp-content\/uploads\/2018\/01\/HMB-parte-1_-1.png?w=696&amp;ssl=1","datePublished":"2022-09-13T00:46:48+00:00","dateModified":"2024-09-08T12:58:51+00:00","breadcrumb":{"@id":"https:\/\/souzalima.com.br\/blog\/historia-da-musica-brasileira-parte-1-de-3\/#breadcrumb"},"inLanguage":"pt-BR","potentialAction":[{"@type":"ReadAction","target":["https:\/\/souzalima.com.br\/blog\/historia-da-musica-brasileira-parte-1-de-3\/"]}]},{"@type":"ImageObject","inLanguage":"pt-BR","@id":"https:\/\/souzalima.com.br\/blog\/historia-da-musica-brasileira-parte-1-de-3\/#primaryimage","url":"https:\/\/i0.wp.com\/www.blogsouzalima.com.br\/wp-content\/uploads\/2018\/01\/HMB-parte-1_-1.png?w=696&amp;ssl=1","contentUrl":"https:\/\/i0.wp.com\/www.blogsouzalima.com.br\/wp-content\/uploads\/2018\/01\/HMB-parte-1_-1.png?w=696&amp;ssl=1"},{"@type":"BreadcrumbList","@id":"https:\/\/souzalima.com.br\/blog\/historia-da-musica-brasileira-parte-1-de-3\/#breadcrumb","itemListElement":[{"@type":"ListItem","position":1,"name":"In\u00edcio","item":"https:\/\/souzalima.com.br\/blog\/"},{"@type":"ListItem","position":2,"name":"Hist\u00f3ria da M\u00fasica Brasileira \u2013 Parte 1 de 3"}]},{"@type":"WebSite","@id":"https:\/\/souzalima.com.br\/blog\/#website","url":"https:\/\/souzalima.com.br\/blog\/","name":"Blog Souza Lima","description":"Descubra o universo musical com o Blog Souza Lima! ","publisher":{"@id":"https:\/\/souzalima.com.br\/blog\/#organization"},"potentialAction":[{"@type":"SearchAction","target":{"@type":"EntryPoint","urlTemplate":"https:\/\/souzalima.com.br\/blog\/?s={search_term_string}"},"query-input":{"@type":"PropertyValueSpecification","valueRequired":true,"valueName":"search_term_string"}}],"inLanguage":"pt-BR"},{"@type":"Organization","@id":"https:\/\/souzalima.com.br\/blog\/#organization","name":"Blog Souza Lima","url":"https:\/\/souzalima.com.br\/blog\/","logo":{"@type":"ImageObject","inLanguage":"pt-BR","@id":"https:\/\/souzalima.com.br\/blog\/#\/schema\/logo\/image\/","url":"https:\/\/souzalima.com.br\/blog\/wp-content\/uploads\/2024\/04\/logo-blog-escuro.png","contentUrl":"https:\/\/souzalima.com.br\/blog\/wp-content\/uploads\/2024\/04\/logo-blog-escuro.png","width":700,"height":360,"caption":"Blog Souza Lima"},"image":{"@id":"https:\/\/souzalima.com.br\/blog\/#\/schema\/logo\/image\/"},"sameAs":["https:\/\/www.facebook.com\/souzalimaoficial","https:\/\/www.instagram.com\/souzalimaoficial\/","https:\/\/www.tiktok.com\/@souzalimaoficial"]},{"@type":"Person","@id":"https:\/\/souzalima.com.br\/blog\/#\/schema\/person\/f6aad8444e58fb11121a921b22bed6ae","name":"Jo\u00e3o Marcondes","image":{"@type":"ImageObject","inLanguage":"pt-BR","@id":"https:\/\/secure.gravatar.com\/avatar\/9ceaf49983887d9fed6c838ba33a97c89f1e3f2836978af414e1b7cf88be2678?s=96&d=mm&r=g","url":"https:\/\/secure.gravatar.com\/avatar\/9ceaf49983887d9fed6c838ba33a97c89f1e3f2836978af414e1b7cf88be2678?s=96&d=mm&r=g","contentUrl":"https:\/\/secure.gravatar.com\/avatar\/9ceaf49983887d9fed6c838ba33a97c89f1e3f2836978af414e1b7cf88be2678?s=96&d=mm&r=g","caption":"Jo\u00e3o Marcondes"},"url":"https:\/\/souzalima.com.br\/blog\/author\/joao\/"}]}},"_links":{"self":[{"href":"https:\/\/souzalima.com.br\/blog\/wp-json\/wp\/v2\/posts\/19983","targetHints":{"allow":["GET"]}}],"collection":[{"href":"https:\/\/souzalima.com.br\/blog\/wp-json\/wp\/v2\/posts"}],"about":[{"href":"https:\/\/souzalima.com.br\/blog\/wp-json\/wp\/v2\/types\/post"}],"author":[{"embeddable":true,"href":"https:\/\/souzalima.com.br\/blog\/wp-json\/wp\/v2\/users\/3"}],"replies":[{"embeddable":true,"href":"https:\/\/souzalima.com.br\/blog\/wp-json\/wp\/v2\/comments?post=19983"}],"version-history":[{"count":1,"href":"https:\/\/souzalima.com.br\/blog\/wp-json\/wp\/v2\/posts\/19983\/revisions"}],"predecessor-version":[{"id":19984,"href":"https:\/\/souzalima.com.br\/blog\/wp-json\/wp\/v2\/posts\/19983\/revisions\/19984"}],"wp:attachment":[{"href":"https:\/\/souzalima.com.br\/blog\/wp-json\/wp\/v2\/media?parent=19983"}],"wp:term":[{"taxonomy":"category","embeddable":true,"href":"https:\/\/souzalima.com.br\/blog\/wp-json\/wp\/v2\/categories?post=19983"},{"taxonomy":"post_tag","embeddable":true,"href":"https:\/\/souzalima.com.br\/blog\/wp-json\/wp\/v2\/tags?post=19983"}],"curies":[{"name":"wp","href":"https:\/\/api.w.org\/{rel}","templated":true}]}}